{"id":127,"date":"2021-04-21T23:16:57","date_gmt":"2021-04-21T23:16:57","guid":{"rendered":"http:\/\/andreamontiel.mx\/?p=127"},"modified":"2021-11-11T17:53:39","modified_gmt":"2021-11-11T17:53:39","slug":"127","status":"publish","type":"post","link":"https:\/\/andreamontiel.mx\/?p=127","title":{"rendered":"&#8230;Si me pregunto sobre el transcurrir"},"content":{"rendered":"\n<p class=\"has-background\" style=\"background-color:#ddd2ba\">Fui hija \u00fanica. Hija de dos religiones en pugna, como muchas de las religiones o ideolog\u00edas distintas. Escindida por dentro y tambi\u00e9n por fuera. Creo que no me importaba, o no me daba cuenta. Desde ni\u00f1a me ense\u00f1aron a respetar todo y a todos. Por eso la libertad siempre ha sido imprescindible y decid\u00ed ser libre pensadora. Creo en algo superior, una energ\u00eda vital, c\u00f3smica, una luz, un aliento del que formo parte. Y ya cuando lleg\u00f3 el tiempo de tener, adem\u00e1s del uso de emoci\u00f3n, el de raz\u00f3n, sent\u00ed una necesidad muy grande de echarme un clavado adentro, aun con el riesgo de ahogarme. Porque aun hoy, no entiendo nada de esto, ni de la vida, ni de qui\u00e9n soy o qu\u00e9 hago en el mundo. &nbsp;\u00bfPara qu\u00e9 el aliento vital y luego la muerte? \u00bfQui\u00e9n es el creador&nbsp; o creadora y a \u00e9l-ella qui\u00e9n l@ ha creado? No tengo respuestas, nunca las he tenido. Me contento con preguntar sin responderme. Me divierto pensando, aunque s\u00e9 que no voy a llegar a ning\u00fan lado. Solo queda proseguir mi trayectoria.<\/p>\n\n\n\n<pre class=\"wp-block-verse\">\n <strong><em>S<\/em><\/strong><em>i me pregunto sobre el transcurrir<\/em>\n <em>me siento devorada<\/em>\n <em>viva entre el mito de mi propio cad\u00e1ver<\/em>\n <em>lodo compacto que despierta en las ma\u00f1anas<\/em>\n <em>con la memoria repleta y rezongando <\/em>\n <em>\u00a0<\/em>\n <em>habito embarcaciones<\/em>\n <em>y estoy desterrada de otras <\/em>\n <em>\u00a0<\/em>\n <em>he procreado d\u00e9biles sonrisas <\/em>\n <em>y ojos empa\u00f1ados <\/em>\n <em>\u00a0<\/em>\n <em>camino levantando muros<\/em>\n <em>que se envenenan de tristeza <\/em>\n <em>organizo funerales<\/em>\n <em>domestico las horas<\/em>\n <em>y las cubro de musgo <\/em>\n <em>\u00a0<\/em>\n <em>el viento me culpa<\/em>\n <em>pero fue su vuelo quien me trajo<\/em>\n <em>a esta aventura somnolienta <\/em>\n <em>\u00a0<\/em>\n <em>lo raro es que existo<\/em>\n <em>encasillada en la curiosidad<\/em>\n <em>de esta feria ruidosa<\/em>\n <em>que comparto.\u00a0\u00a0\u00a0\u00a0\u00a0\u00a0\u00a0\u00a0\u00a0\u00a0\u00a0\u00a0\u00a0\u00a0\u00a0\u00a0\u00a0\u00a0\u00a0\u00a0\u00a0\u00a0\u00a0\u00a0\u00a0\u00a0 <\/em>\n <em>\u00a0<\/em>\n <strong><em>\u00a0<\/em><\/strong>\n <strong><em>C<\/em><\/strong><em>uando nac\u00ed<\/em>\n <em>me dijeron lo que ten\u00eda que hacer <\/em>\n <em>\u00a0<\/em>\n <em>yo no he cumplido <\/em>\n <em>desert\u00e9 de las falsas sonrisas<\/em>\n <em>y conversaciones entre abecedarios muertos <\/em>\n <em>\u00a0<\/em>\n <em>d\u00edas enteros he quedado ciega<\/em>\n <em>al mirar lo que hay detr\u00e1s de muchas puertas <\/em>\n <em>\u00a0<\/em>\n <em>por inventar que pertenezco al mundo<\/em>\n <em>me atrev\u00ed a salir a la calle sin zapatos <\/em>\n <em>\u00a0<\/em>\n <em>las plantas de mis pies han aprendido<\/em>\n <em>a saborear el asfalto\u00a0\u00a0 <\/em><\/pre>\n","protected":false},"excerpt":{"rendered":"<p>Fui hija \u00fanica. Hija de dos religiones en pugna, como muchas de las religiones o ideolog\u00edas distintas. Escindida por dentro y tambi\u00e9n por fuera. Creo que no me importaba, o no me daba cuenta. Desde ni\u00f1a me ense\u00f1aron a respetar todo y a todos. Por eso la libertad siempre ha sido imprescindible y decid\u00ed ser [&hellip;]<\/p>\n","protected":false},"author":2,"featured_media":0,"comment_status":"closed","ping_status":"closed","sticky":false,"template":"","format":"standard","meta":{"footnotes":""},"categories":[2],"tags":[50,54,53,48,46,51,49,52,47],"aioseo_notices":[],"_links":{"self":[{"href":"https:\/\/andreamontiel.mx\/index.php?rest_route=\/wp\/v2\/posts\/127"}],"collection":[{"href":"https:\/\/andreamontiel.mx\/index.php?rest_route=\/wp\/v2\/posts"}],"about":[{"href":"https:\/\/andreamontiel.mx\/index.php?rest_route=\/wp\/v2\/types\/post"}],"author":[{"embeddable":true,"href":"https:\/\/andreamontiel.mx\/index.php?rest_route=\/wp\/v2\/users\/2"}],"replies":[{"embeddable":true,"href":"https:\/\/andreamontiel.mx\/index.php?rest_route=%2Fwp%2Fv2%2Fcomments&post=127"}],"version-history":[{"count":7,"href":"https:\/\/andreamontiel.mx\/index.php?rest_route=\/wp\/v2\/posts\/127\/revisions"}],"predecessor-version":[{"id":2227,"href":"https:\/\/andreamontiel.mx\/index.php?rest_route=\/wp\/v2\/posts\/127\/revisions\/2227"}],"wp:attachment":[{"href":"https:\/\/andreamontiel.mx\/index.php?rest_route=%2Fwp%2Fv2%2Fmedia&parent=127"}],"wp:term":[{"taxonomy":"category","embeddable":true,"href":"https:\/\/andreamontiel.mx\/index.php?rest_route=%2Fwp%2Fv2%2Fcategories&post=127"},{"taxonomy":"post_tag","embeddable":true,"href":"https:\/\/andreamontiel.mx\/index.php?rest_route=%2Fwp%2Fv2%2Ftags&post=127"}],"curies":[{"name":"wp","href":"https:\/\/api.w.org\/{rel}","templated":true}]}}