{"id":1567,"date":"2021-05-11T12:17:43","date_gmt":"2021-05-11T12:17:43","guid":{"rendered":"https:\/\/andreamontiel.mx\/?p=1567"},"modified":"2021-11-11T17:55:22","modified_gmt":"2021-11-11T17:55:22","slug":"la-mirada-de-ines","status":"publish","type":"post","link":"https:\/\/andreamontiel.mx\/?p=1567","title":{"rendered":"La mirada de In\u00e9s"},"content":{"rendered":"\n<div class=\"wp-block-group has-background\" style=\"background-color:#e4e1dc\"><div class=\"wp-block-group__inner-container is-layout-flow wp-block-group-is-layout-flow\">\n<p>Al igual que amo la palabra, amo el lenguaje de las&nbsp; im\u00e1genes, tanto fijas como en movimiento. Por ello, para iniciar el milenio, decid\u00ed inscribirme al Diplomado <em>El Cine: Arte y Comunicaci\u00f3n <\/em>organizado por <em>Cineman\u00eda<\/em> y la Universidad Aut\u00f3noma Metropolitana (UAM). Al finalizar los cursos, en mayo 2000, realic\u00e9 junto con varios compa\u00f1eros del diplomado, el cortometraje: <strong>LA MIRADA DE IN\u00c9S<\/strong>, que se bas\u00f3 en mi cuento <em>El Fot\u00f3grafo,<\/em> y con las actuaciones de la maravillosa y querida Ana Ofelia Murgu\u00eda, Pilar Padilla y Jaime Lozano. Fue una experiencia inolvidable. Comprend\u00ed que el lenguaje cinematogr\u00e1fico es realmente complicado.&nbsp; Muchas cuestiones est\u00e1n en juego, adem\u00e1s dependen no s\u00f3lo de uno sino de todos los que participan en un proyecto.&nbsp; Y poner de acuerdo a muchas cabezas distintas, es harto dif\u00edcil &#8211; adem\u00e1s de las complicaciones t\u00e9cnicas del g\u00e9nero-.&nbsp; La filmaci\u00f3n se llev\u00f3 a cabo en la casa del Indio Fern\u00e1ndez, un espacio maravilloso que nos facilit\u00f3 su hija Adela Fern\u00e1ndez, a quien siempre recuerdo con cari\u00f1o por su solidario apoyo y sobre todo por su amistad.<\/p>\n<\/div><\/div>\n\n\n\n<hr class=\"wp-block-separator\"\/>\n\n\n\n<div style=\"height:10px\" aria-hidden=\"true\" class=\"wp-block-spacer\"><\/div>\n\n\n<style type=\"text\/css\" scoped>.rbs_gallery_69ef4f490eca0Spinner{\r\n\t\t\t\tmargin: 50px auto;\r\n\t\t\t\twidth: 50px;\r\n\t\t\t\theight: 40px;\r\n\t\t\t\ttext-align: center;\r\n\t\t\t\tfont-size: 10px;\r\n\t\t\t}\r\n\t\t\t.rbs_gallery_69ef4f490eca0Spinner > div{\r\n\t\t\t  background-color: #333;\r\n\t\t\t  height: 100%;\r\n\t\t\t  width: 6px;\r\n\t\t\t  display: inline-block;\r\n\t\t\t  -webkit-animation: rbs_gallery_69ef4f490eca0-stretchdelay 1.2s infinite ease-in-out;\r\n\t\t\t  animation: rbs_gallery_69ef4f490eca0-stretchdelay 1.2s infinite ease-in-out;\r\n\t\t\t}\r\n\t\t\t.rbs_gallery_69ef4f490eca0Spinner .rbs_gallery_69ef4f490eca0Rect2 {\r\n\t\t\t  -webkit-animation-delay: -1.1s;\r\n\t\t\t  animation-delay: -1.1s;\r\n\t\t\t}\r\n\t\t\t.rbs_gallery_69ef4f490eca0Spinner .rbs_gallery_69ef4f490eca0Rect3 {\r\n\t\t\t  -webkit-animation-delay: -1.0s;\r\n\t\t\t  animation-delay: -1.0s;\r\n\t\t\t}\r\n\t\t\t.rbs_gallery_69ef4f490eca0Spinner .rbs_gallery_69ef4f490eca0Rect4 {\r\n\t\t\t  -webkit-animation-delay: -0.9s;\r\n\t\t\t  animation-delay: -0.9s;\r\n\t\t\t}\r\n\t\t\t.rbs_gallery_69ef4f490eca0Spinner .rbs_gallery_69ef4f490eca0Rect5 {\r\n\t\t\t  -webkit-animation-delay: -0.8s;\r\n\t\t\t  animation-delay: -0.8s;\r\n\t\t\t}\r\n\t\t\t@-webkit-keyframes rbs_gallery_69ef4f490eca0-stretchdelay {\r\n\t\t\t  0%, 40%, 100% { -webkit-transform: scaleY(0.4) }  \r\n\t\t\t  20% { -webkit-transform: scaleY(1.0) }\r\n\t\t\t}\r\n\t\t\t@keyframes rbs_gallery_69ef4f490eca0-stretchdelay {\r\n\t\t\t  0%, 40%, 100% { \r\n\t\t\t    transform: scaleY(0.4);\r\n\t\t\t    -webkit-transform: scaleY(0.4);\r\n\t\t\t  }  20% { \r\n\t\t\t    transform: scaleY(1.0);\r\n\t\t\t    -webkit-transform: scaleY(1.0);\r\n\t\t\t  }\r\n\t\t\t}\r\n\t\t<\/style><div class=\"robo-gallery-wrap robo-gallery-wrap-id1569 robo-gallery-mosaic\" ><div id=\"rbs_gallery_69ef4f490eca0-block-loader\" class=\"rbs_gallery_69ef4f490eca0Spinner\"><div class=\"rbs_gallery_69ef4f490eca0Rect1\"><\/div> <div class=\"rbs_gallery_69ef4f490eca0Rect2\"><\/div> <div class=\"rbs_gallery_69ef4f490eca0Rect3\"><\/div> <div class=\"rbs_gallery_69ef4f490eca0Rect4\"><\/div> <div class=\"rbs_gallery_69ef4f490eca0Rect5\"><\/div><\/div><div id=\"robo_gallery_main_block_rbs_gallery_69ef4f490eca0\" class=\"robogallery-gallery-1569\" style=\"width:100%;  display: none;\"><div id=\"rbs_gallery_69ef4f490eca0\" data-options=\"rbs_gallery_69ef4f490eca0\" style=\"width:100%;\" class=\"robo_gallery  \"><div class=\"rbs-img  category1569 \"  data-columns=\"4\" ><div class=\"rbs-img-image   rbs-lightbox \" ><div class=\"rbs-img-thumbs\"  data-thumbnail=\"https:\/\/andreamontiel.mx\/wp-content\/uploads\/2021\/05\/2000-01-LA-MIRADA-DE-INES-cartel-copia-1-565x1024.jpg\"  title=\"2000 01 LA MIRADA DE IN\u00c9S cartel copia\"  data-width=\"565\"  data-height=\"1024\" ><\/div><div class=\"rbs-img-data-popup\"  data-popup=\"https:\/\/andreamontiel.mx\/wp-content\/uploads\/2021\/05\/2000-01-LA-MIRADA-DE-INES-cartel-copia-1.jpg\"  title=\"2000 01 LA MIRADA DE IN\u00c9S cartel copia\" ><\/div><div class=\"thumbnail-overlay\"><div class=\"rbsIcons\"><i class=\"fa fa-image rbsZoomIcon \" ><\/i><\/div><\/div><\/div><\/div><div class=\"rbs-img  category1569 \" ><div class=\"rbs-img-image   rbs-lightbox \" ><div class=\"rbs-img-thumbs\"  data-thumbnail=\"https:\/\/andreamontiel.mx\/wp-content\/uploads\/2021\/05\/2000-02-LA-MIRADA-DE-INES-cartel-detalle-copia-1-1024x387.jpg\"  title=\"2000 02 LA MIRADA DE IN\u00c9S cartel detalle copia\"  data-width=\"1024\"  data-height=\"387\" ><\/div><div class=\"rbs-img-data-popup\"  data-popup=\"https:\/\/andreamontiel.mx\/wp-content\/uploads\/2021\/05\/2000-02-LA-MIRADA-DE-INES-cartel-detalle-copia-1.jpg\"  title=\"2000 02 LA MIRADA DE IN\u00c9S cartel detalle copia\" ><\/div><div class=\"thumbnail-overlay\"><div class=\"rbsIcons\"><i class=\"fa fa-image rbsZoomIcon \" ><\/i><\/div><\/div><\/div><\/div><div class=\"rbs-img  category1569 \" ><div class=\"rbs-img-image   rbs-lightbox \" ><div class=\"rbs-img-thumbs\"  data-thumbnail=\"https:\/\/andreamontiel.mx\/wp-content\/uploads\/2021\/05\/2000-03-LA-MIRADA-DE-INES-cartel-detalle-copia-1-1024x483.jpg\"  title=\"2000 03 LA MIRADA DE IN\u00c9S cartel detalle copia\"  data-width=\"1024\"  data-height=\"483\" ><\/div><div class=\"rbs-img-data-popup\"  data-popup=\"https:\/\/andreamontiel.mx\/wp-content\/uploads\/2021\/05\/2000-03-LA-MIRADA-DE-INES-cartel-detalle-copia-1.jpg\"  title=\"2000 03 LA MIRADA DE IN\u00c9S cartel detalle copia\" ><\/div><div class=\"thumbnail-overlay\"><div class=\"rbsIcons\"><i class=\"fa fa-image rbsZoomIcon \" ><\/i><\/div><\/div><\/div><\/div><div class=\"rbs-img  category1569 \" ><div class=\"rbs-img-image   rbs-lightbox \" ><div class=\"rbs-img-thumbs\"  data-thumbnail=\"https:\/\/andreamontiel.mx\/wp-content\/uploads\/2021\/05\/2000-04-LA-MIRADA-DE-INES-1-copia-743x1024.jpg\"  title=\"2000 04 LA MIRADA DE INES 1 copia\"  data-width=\"743\"  data-height=\"1024\" ><\/div><div class=\"rbs-img-data-popup\"  data-popup=\"https:\/\/andreamontiel.mx\/wp-content\/uploads\/2021\/05\/2000-04-LA-MIRADA-DE-INES-1-copia.jpg\"  title=\"2000 04 LA MIRADA DE INES 1 copia\" ><\/div><div class=\"thumbnail-overlay\"><div class=\"rbsIcons\"><i class=\"fa fa-image rbsZoomIcon \" ><\/i><\/div><\/div><\/div><\/div><div class=\"rbs-img  category1569 \"  data-columns=\"3\" ><div class=\"rbs-img-image   rbs-lightbox \" ><div class=\"rbs-img-thumbs\"  data-thumbnail=\"https:\/\/andreamontiel.mx\/wp-content\/uploads\/2021\/05\/2000-05-LA-MIRADA-DE-INES-2-copia-1024x761.jpg\"  title=\"2000 05 LA MIRADA DE INES 2 copia\"  data-width=\"1024\"  data-height=\"761\" ><\/div><div class=\"rbs-img-data-popup\"  data-popup=\"https:\/\/andreamontiel.mx\/wp-content\/uploads\/2021\/05\/2000-05-LA-MIRADA-DE-INES-2-copia.jpg\"  title=\"2000 05 LA MIRADA DE INES 2 copia\" ><\/div><div class=\"thumbnail-overlay\"><div class=\"rbsIcons\"><i class=\"fa fa-image rbsZoomIcon \" ><\/i><\/div><\/div><\/div><\/div><div class=\"rbs-img  category1569 \" ><div class=\"rbs-img-image   rbs-lightbox \" ><div class=\"rbs-img-thumbs\"  data-thumbnail=\"https:\/\/andreamontiel.mx\/wp-content\/uploads\/2021\/05\/2000-06-LA-MIRADA-DE-INES-3-copia-1024x701.jpg\"  title=\"2000 06 LA MIRADA DE INES 3 copia\"  data-width=\"1024\"  data-height=\"701\" ><\/div><div class=\"rbs-img-data-popup\"  data-popup=\"https:\/\/andreamontiel.mx\/wp-content\/uploads\/2021\/05\/2000-06-LA-MIRADA-DE-INES-3-copia.jpg\"  title=\"2000 06 LA MIRADA DE INES 3 copia\" ><\/div><div class=\"thumbnail-overlay\"><div class=\"rbsIcons\"><i class=\"fa fa-image rbsZoomIcon \" ><\/i><\/div><\/div><\/div><\/div><div class=\"rbs-img  category1569 \" ><div class=\"rbs-img-image   rbs-lightbox \" ><div class=\"rbs-img-thumbs\"  data-thumbnail=\"https:\/\/andreamontiel.mx\/wp-content\/uploads\/2021\/05\/2000-07-LA-MIRADA-DE-INES-4-copia-1024x762.jpg\"  title=\"2000 07 LA MIRADA DE INES 4 copia\"  data-width=\"1024\"  data-height=\"762\" ><\/div><div class=\"rbs-img-data-popup\"  data-popup=\"https:\/\/andreamontiel.mx\/wp-content\/uploads\/2021\/05\/2000-07-LA-MIRADA-DE-INES-4-copia.jpg\"  title=\"2000 07 LA MIRADA DE INES 4 copia\" ><\/div><div class=\"thumbnail-overlay\"><div class=\"rbsIcons\"><i class=\"fa fa-image rbsZoomIcon \" ><\/i><\/div><\/div><\/div><\/div><div class=\"rbs-img  category1569 \" ><div class=\"rbs-img-image   rbs-lightbox \" ><div class=\"rbs-img-thumbs\"  data-thumbnail=\"https:\/\/andreamontiel.mx\/wp-content\/uploads\/2021\/05\/2000-08-LA-MIRADA-DE-INES-5-copia-1024x710.jpg\"  title=\"2000 08 LA MIRADA DE INES 5 copia\"  data-width=\"1024\"  data-height=\"710\" ><\/div><div class=\"rbs-img-data-popup\"  data-popup=\"https:\/\/andreamontiel.mx\/wp-content\/uploads\/2021\/05\/2000-08-LA-MIRADA-DE-INES-5-copia.jpg\"  title=\"2000 08 LA MIRADA DE INES 5 copia\" ><\/div><div class=\"thumbnail-overlay\"><div class=\"rbsIcons\"><i class=\"fa fa-image rbsZoomIcon \" ><\/i><\/div><\/div><\/div><\/div><div class=\"rbs-img  category1569 \" ><div class=\"rbs-img-image   rbs-lightbox \" ><div class=\"rbs-img-thumbs\"  data-thumbnail=\"https:\/\/andreamontiel.mx\/wp-content\/uploads\/2021\/05\/2000-09-LA-MIRADA-DE-INES-6-copia-1024x701.jpg\"  title=\"2000 09 LA MIRADA DE INES 6 copia\"  data-width=\"1024\"  data-height=\"701\" ><\/div><div class=\"rbs-img-data-popup\"  data-popup=\"https:\/\/andreamontiel.mx\/wp-content\/uploads\/2021\/05\/2000-09-LA-MIRADA-DE-INES-6-copia.jpg\"  title=\"2000 09 LA MIRADA DE INES 6 copia\" ><\/div><div class=\"thumbnail-overlay\"><div class=\"rbsIcons\"><i class=\"fa fa-image rbsZoomIcon \" ><\/i><\/div><\/div><\/div><\/div><div class=\"rbs-img  category1569 \"  data-columns=\"2\" ><div class=\"rbs-img-image   rbs-lightbox \" ><div class=\"rbs-img-thumbs\"  data-thumbnail=\"https:\/\/andreamontiel.mx\/wp-content\/uploads\/2021\/05\/2000-10-LA-MIRADA-DE-INES-7-copia.jpg\"  title=\"2000 10 LA MIRADA DE INES 7 copia\"  data-width=\"982\"  data-height=\"789\" ><\/div><div class=\"rbs-img-data-popup\"  data-popup=\"https:\/\/andreamontiel.mx\/wp-content\/uploads\/2021\/05\/2000-10-LA-MIRADA-DE-INES-7-copia.jpg\"  title=\"2000 10 LA MIRADA DE INES 7 copia\" ><\/div><div class=\"thumbnail-overlay\"><div class=\"rbsIcons\"><i class=\"fa fa-image rbsZoomIcon \" ><\/i><\/div><\/div><\/div><\/div><\/div><\/div><\/div><script>var rbs_gallery_69ef4f490eca0 = {\"version\":\"3.2.18\",\"id\":1569,\"class\":\"id1569\",\"roboGalleryDelay\":1000,\"mainContainer\":\"#robo_gallery_main_block_rbs_gallery_69ef4f490eca0\",\"loadingContainer\":\"#rbs_gallery_69ef4f490eca0-block-loader\",\"loadingContainerObj\":\"rbs_gallery_69ef4f490eca0-block-loader\",\"columnWidth\":\"auto\",\"columns\":8,\"resolutions\":[{\"columnWidth\":\"auto\",\"columns\":3,\"maxWidth\":960},{\"columnWidth\":\"auto\",\"columns\":2,\"maxWidth\":650},{\"columnWidth\":\"auto\",\"columns\":1,\"maxWidth\":450}],\"lightboxOptions\":{\"gallery\":{\"enabled\":true,\"tCounter\":\"%curr% of %total%\"}},\"borderSize\":5,\"overlayEffect\":\"direction-aware-fade\",\"boxesToLoadStart\":20,\"boxesToLoad\":8,\"waitUntilThumbLoads\":1,\"LoadingWord\":\"Cargando...\",\"loadMoreWord\":\"Ver m\\u00e1s\",\"noMoreEntriesWord\":\"No hay m\\u00e1s\",\"horizontalSpaceBetweenBoxes\":15,\"verticalSpaceBetweenBoxes\":15,\"lazyLoad\":1,\"wrapContainer\":\"#robo-gallery-wrap-rbs_gallery_69ef4f490eca0\"};<\/script>\n\n\n<hr class=\"wp-block-separator\"\/>\n\n\n\n<figure class=\"wp-block-video\"><video controls src=\"https:\/\/andreamontiel.mx\/wp-content\/uploads\/2021\/05\/02-LA-MIRADA-DE-INES-copia.mp4\"><\/video><\/figure>\n","protected":false},"excerpt":{"rendered":"<p>Al igual que amo la palabra, amo el lenguaje de las&nbsp; im\u00e1genes, tanto fijas como en movimiento. Por ello, para iniciar el milenio, decid\u00ed inscribirme al Diplomado El Cine: Arte y Comunicaci\u00f3n organizado por Cineman\u00eda y la Universidad Aut\u00f3noma Metropolitana (UAM). Al finalizar los cursos, en mayo 2000, realic\u00e9 junto con varios compa\u00f1eros del diplomado, [&hellip;]<\/p>\n","protected":false},"author":2,"featured_media":1570,"comment_status":"closed","ping_status":"closed","sticky":false,"template":"","format":"standard","meta":{"footnotes":""},"categories":[18,35],"tags":[50,54,53,48,46,51,49,52,47],"aioseo_notices":[],"_links":{"self":[{"href":"https:\/\/andreamontiel.mx\/index.php?rest_route=\/wp\/v2\/posts\/1567"}],"collection":[{"href":"https:\/\/andreamontiel.mx\/index.php?rest_route=\/wp\/v2\/posts"}],"about":[{"href":"https:\/\/andreamontiel.mx\/index.php?rest_route=\/wp\/v2\/types\/post"}],"author":[{"embeddable":true,"href":"https:\/\/andreamontiel.mx\/index.php?rest_route=\/wp\/v2\/users\/2"}],"replies":[{"embeddable":true,"href":"https:\/\/andreamontiel.mx\/index.php?rest_route=%2Fwp%2Fv2%2Fcomments&post=1567"}],"version-history":[{"count":3,"href":"https:\/\/andreamontiel.mx\/index.php?rest_route=\/wp\/v2\/posts\/1567\/revisions"}],"predecessor-version":[{"id":1591,"href":"https:\/\/andreamontiel.mx\/index.php?rest_route=\/wp\/v2\/posts\/1567\/revisions\/1591"}],"wp:featuredmedia":[{"embeddable":true,"href":"https:\/\/andreamontiel.mx\/index.php?rest_route=\/wp\/v2\/media\/1570"}],"wp:attachment":[{"href":"https:\/\/andreamontiel.mx\/index.php?rest_route=%2Fwp%2Fv2%2Fmedia&parent=1567"}],"wp:term":[{"taxonomy":"category","embeddable":true,"href":"https:\/\/andreamontiel.mx\/index.php?rest_route=%2Fwp%2Fv2%2Fcategories&post=1567"},{"taxonomy":"post_tag","embeddable":true,"href":"https:\/\/andreamontiel.mx\/index.php?rest_route=%2Fwp%2Fv2%2Ftags&post=1567"}],"curies":[{"name":"wp","href":"https:\/\/api.w.org\/{rel}","templated":true}]}}