{"id":1992,"date":"2021-06-09T16:56:29","date_gmt":"2021-06-09T16:56:29","guid":{"rendered":"https:\/\/andreamontiel.mx\/?p=1992"},"modified":"2021-11-11T17:56:50","modified_gmt":"2021-11-11T17:56:50","slug":"vapor-de-marmol-1995","status":"publish","type":"post","link":"https:\/\/andreamontiel.mx\/?p=1992","title":{"rendered":"Vapor de m\u00e1rmol (1995)"},"content":{"rendered":"\n<figure class=\"wp-block-gallery columns-3 is-cropped wp-block-gallery-1 is-layout-flex wp-block-gallery-is-layout-flex\"><ul class=\"blocks-gallery-grid\"><li class=\"blocks-gallery-item\"><figure><img loading=\"lazy\" decoding=\"async\" width=\"761\" height=\"1024\" src=\"https:\/\/andreamontiel.mx\/wp-content\/uploads\/2021\/06\/06-VAPOR-DE-MARMOL-1-portada-761x1024.jpg\" alt=\"\" data-id=\"1993\" data-full-url=\"https:\/\/andreamontiel.mx\/wp-content\/uploads\/2021\/06\/06-VAPOR-DE-MARMOL-1-portada.jpg\" data-link=\"https:\/\/andreamontiel.mx\/?attachment_id=1993\" class=\"wp-image-1993\" srcset=\"https:\/\/andreamontiel.mx\/wp-content\/uploads\/2021\/06\/06-VAPOR-DE-MARMOL-1-portada-761x1024.jpg 761w, https:\/\/andreamontiel.mx\/wp-content\/uploads\/2021\/06\/06-VAPOR-DE-MARMOL-1-portada-223x300.jpg 223w, https:\/\/andreamontiel.mx\/wp-content\/uploads\/2021\/06\/06-VAPOR-DE-MARMOL-1-portada-768x1033.jpg 768w, https:\/\/andreamontiel.mx\/wp-content\/uploads\/2021\/06\/06-VAPOR-DE-MARMOL-1-portada-1142x1536.jpg 1142w, https:\/\/andreamontiel.mx\/wp-content\/uploads\/2021\/06\/06-VAPOR-DE-MARMOL-1-portada-600x807.jpg 600w, https:\/\/andreamontiel.mx\/wp-content\/uploads\/2021\/06\/06-VAPOR-DE-MARMOL-1-portada.jpg 1335w\" sizes=\"(max-width: 761px) 100vw, 761px\" \/><\/figure><\/li><li class=\"blocks-gallery-item\"><figure><img loading=\"lazy\" decoding=\"async\" width=\"755\" height=\"1024\" src=\"https:\/\/andreamontiel.mx\/wp-content\/uploads\/2021\/06\/06-VAPOR-DE-MARMOL-2-contraportada--755x1024.jpg\" alt=\"\" data-id=\"1994\" data-full-url=\"https:\/\/andreamontiel.mx\/wp-content\/uploads\/2021\/06\/06-VAPOR-DE-MARMOL-2-contraportada-.jpg\" data-link=\"https:\/\/andreamontiel.mx\/?attachment_id=1994\" class=\"wp-image-1994\" srcset=\"https:\/\/andreamontiel.mx\/wp-content\/uploads\/2021\/06\/06-VAPOR-DE-MARMOL-2-contraportada--755x1024.jpg 755w, https:\/\/andreamontiel.mx\/wp-content\/uploads\/2021\/06\/06-VAPOR-DE-MARMOL-2-contraportada--221x300.jpg 221w, https:\/\/andreamontiel.mx\/wp-content\/uploads\/2021\/06\/06-VAPOR-DE-MARMOL-2-contraportada--768x1042.jpg 768w, https:\/\/andreamontiel.mx\/wp-content\/uploads\/2021\/06\/06-VAPOR-DE-MARMOL-2-contraportada--1132x1536.jpg 1132w, https:\/\/andreamontiel.mx\/wp-content\/uploads\/2021\/06\/06-VAPOR-DE-MARMOL-2-contraportada--600x814.jpg 600w, https:\/\/andreamontiel.mx\/wp-content\/uploads\/2021\/06\/06-VAPOR-DE-MARMOL-2-contraportada-.jpg 1325w\" sizes=\"(max-width: 755px) 100vw, 755px\" \/><\/figure><\/li><li class=\"blocks-gallery-item\"><figure><img loading=\"lazy\" decoding=\"async\" width=\"700\" height=\"1024\" src=\"https:\/\/andreamontiel.mx\/wp-content\/uploads\/2021\/06\/06-VAPOR-DE-MARMOL-3-solapa-anterior--700x1024.jpg\" alt=\"\" data-id=\"1995\" data-full-url=\"https:\/\/andreamontiel.mx\/wp-content\/uploads\/2021\/06\/06-VAPOR-DE-MARMOL-3-solapa-anterior-.jpg\" data-link=\"https:\/\/andreamontiel.mx\/?attachment_id=1995\" class=\"wp-image-1995\" srcset=\"https:\/\/andreamontiel.mx\/wp-content\/uploads\/2021\/06\/06-VAPOR-DE-MARMOL-3-solapa-anterior--700x1024.jpg 700w, https:\/\/andreamontiel.mx\/wp-content\/uploads\/2021\/06\/06-VAPOR-DE-MARMOL-3-solapa-anterior--205x300.jpg 205w, https:\/\/andreamontiel.mx\/wp-content\/uploads\/2021\/06\/06-VAPOR-DE-MARMOL-3-solapa-anterior--768x1124.jpg 768w, https:\/\/andreamontiel.mx\/wp-content\/uploads\/2021\/06\/06-VAPOR-DE-MARMOL-3-solapa-anterior--1050x1536.jpg 1050w, https:\/\/andreamontiel.mx\/wp-content\/uploads\/2021\/06\/06-VAPOR-DE-MARMOL-3-solapa-anterior--600x878.jpg 600w, https:\/\/andreamontiel.mx\/wp-content\/uploads\/2021\/06\/06-VAPOR-DE-MARMOL-3-solapa-anterior-.jpg 1231w\" sizes=\"(max-width: 700px) 100vw, 700px\" \/><\/figure><\/li><\/ul><\/figure>\n\n\n\n<div class=\"wp-block-buttons is-layout-flex wp-block-buttons-is-layout-flex\">\n<div class=\"wp-block-button\"><a class=\"wp-block-button__link\">Descargar muestra<\/a><\/div>\n\n\n\n<div class=\"wp-block-button\"><a class=\"wp-block-button__link\">Comprar libro<\/a><\/div>\n<\/div>\n\n\n\n<hr class=\"wp-block-separator\"\/>\n\n\n\n<p>algunos poemas<\/p>\n\n\n\n<p><strong>CONSTELACION DE SEMEJANZAS<\/strong><\/p>\n\n\n\n<p><strong><br>Al viento<\/strong><br>quisiera tirar mi cuerpo<br>mi coraz\u00f3n de amor maniatado<br>y entregarme a la b\u00fasqueda<br>del encuentro con la luz<br>en el rayo violeta de los sue\u00f1os<\/p>\n\n\n\n<p>ah\u00ed<br>habitar alguna alcoba repleta<br>de almas que gemelas caminen el sendero<\/p>\n\n\n\n<p>creo en las semejanzas<\/p>\n\n\n\n<p>mas s\u00e9 que somos muchos a\u00fan distantes<br>en la constelaci\u00f3n de ojos astrales<br>en este devenir que nos transforma<br>hasta alcanzar las c\u00faspides del \u00e9ter<\/p>\n\n\n\n<p>por hoy vivo perdida<br>expuesta ante los d\u00edas<br>dentro de un tianguis que sobrevive<br>de rematar recuerdos<br>en \u00e9l he aprendido:<\/p>\n\n\n\n<p>no tomar consejo de la muerte<br>es entender muy poco de la vida<\/p>\n\n\n\n<p>por ello apodo con nombres cualesquiera<br>a las angustias<\/p>\n\n\n\n<p><strong>No es alguien en especial quien duele<\/strong><br>sino el amor<br>amor a secas<br>cercan\u00eda sin palabras<br>serenidad<br>ser nidos juntos<br>amor callado<br>amor a gritos<br>cuando la infancia no es dif\u00edcil<br>sino para los ojos del adulto<br>adulterado amor<br>que por pensar se pierde<br>amor atado y desatado<br>amor ateo<br>de un dios enceguecido<br>de esta vendimia<br>de firmamentos inventados<br>intentando brillar a un mismo tiempo<\/p>\n\n\n\n<p><br><strong>Tampoco es algo en especial<\/strong><br>lo que nos duele<br>sino la vida<br>la vida a secas<br>todas sus rondas sin sentido<br>los c\u00edrculos de ascenso y las ca\u00eddas<br>el trago amargo<br>las dichas impostadas<br>la vida misma<br>gran c\u00e9lula de hast\u00edo<br>estadio de estatuas desgastadas<br>mol\u00e9cula de glorias pasajeras<br>pasatiempos<br>pasamanos<br>de mano en mano la vida<br>del comienzo tierna vida<br>cuerpo sin estatura dej\u00e1ndose crecer<br>para aprobar la prueba<br>probar la vida<br>viviendo en todos<br>martillos<br>cinceles<br>y p\u00e1tinas bronceadas<\/p>\n\n\n\n<p>s\u00f3lo la vida duele<\/p>\n\n\n\n<p><strong>Y del sue\u00f1o<\/strong><br>\u00bfqu\u00e9 hay?<br>en \u00e9l estamos todos<br>por la aventura de un terco<br>dios que insiste en bendecirnos<br>por consentir su magia<br>a todos nos tiene en su tinglado<br>escenario de mares sin destino<br>mares feroces<br>mares mustios<br>mares cavernas del origen<br>de su perfil distante<br>distinto en cada playa<br>arena m\u00f3vil<br>sal en las venas<br>horizonte:<\/p>\n\n\n\n<p>\u00e9sta es la l\u00ednea del misterio<br>el infinito mundo del abismo<\/p>\n\n\n\n<p><strong>As\u00ed la muerte arriba<\/strong><br>con su palabra rota<br>desflorada<br>con licencia febril clava guada\u00f1as<br>se apoltrona<br>en su trono de f\u00f3sforos dolientes<br>en el dolor de esperas que amanecen<br>pensando en otro amor<br>en otra vida<br>en otro sue\u00f1o m\u00e1s a la deriva<br>frutos jugosos sus recuerdos<br>que por milenios heredamos<br>y sus caminos no se borran<br>sino hasta haberlos pisoteado<br>asesinando al tiempo con la llama<br>con nuestro polvo<br>o este insondable albedr\u00edo<\/p>\n\n\n\n<p>siempre la misma cara<br>el mismo cuerpo<br>las mismas llagas<br>esperanzados transitamos<br>creyendo en una estrella que viaja<br>en las arterias de este nuestro cielo<br>cripta final y para\u00edso<\/p>\n\n\n\n<p><strong>\u00bfA d\u00f3nde vamos?<\/strong><\/p>\n\n\n\n<p>ser\u00e1 que somos<br>caminos proseguidos<\/p>\n\n\n\n<p>o conclusi\u00f3n cansada<br>no deseando repetirse<\/p>\n\n\n\n<p>\u00bfa d\u00f3nde vamos?<\/p>\n\n\n\n<p>a convencer a Dios para que ya no guarde<br>su acostumbrada voz en el silencio<\/p>\n\n\n\n<p>y atender<br>su responso<br>con este<\/p>\n\n\n\n<p>nuestro coraz\u00f3n que avaro espera<br>como vapor de m\u00e1rmol.<\/p>\n\n\n\n<hr class=\"wp-block-separator\"\/>\n\n\n<style type=\"text\/css\" scoped>.rbs_gallery_69ef4da76380bSpinner{\r\n\t\t\t\tmargin: 50px auto;\r\n\t\t\t\twidth: 50px;\r\n\t\t\t\theight: 40px;\r\n\t\t\t\ttext-align: center;\r\n\t\t\t\tfont-size: 10px;\r\n\t\t\t}\r\n\t\t\t.rbs_gallery_69ef4da76380bSpinner > div{\r\n\t\t\t  background-color: #333;\r\n\t\t\t  height: 100%;\r\n\t\t\t  width: 6px;\r\n\t\t\t  display: inline-block;\r\n\t\t\t  -webkit-animation: rbs_gallery_69ef4da76380b-stretchdelay 1.2s infinite ease-in-out;\r\n\t\t\t  animation: rbs_gallery_69ef4da76380b-stretchdelay 1.2s infinite ease-in-out;\r\n\t\t\t}\r\n\t\t\t.rbs_gallery_69ef4da76380bSpinner .rbs_gallery_69ef4da76380bRect2 {\r\n\t\t\t  -webkit-animation-delay: -1.1s;\r\n\t\t\t  animation-delay: -1.1s;\r\n\t\t\t}\r\n\t\t\t.rbs_gallery_69ef4da76380bSpinner .rbs_gallery_69ef4da76380bRect3 {\r\n\t\t\t  -webkit-animation-delay: -1.0s;\r\n\t\t\t  animation-delay: -1.0s;\r\n\t\t\t}\r\n\t\t\t.rbs_gallery_69ef4da76380bSpinner .rbs_gallery_69ef4da76380bRect4 {\r\n\t\t\t  -webkit-animation-delay: -0.9s;\r\n\t\t\t  animation-delay: -0.9s;\r\n\t\t\t}\r\n\t\t\t.rbs_gallery_69ef4da76380bSpinner .rbs_gallery_69ef4da76380bRect5 {\r\n\t\t\t  -webkit-animation-delay: -0.8s;\r\n\t\t\t  animation-delay: -0.8s;\r\n\t\t\t}\r\n\t\t\t@-webkit-keyframes rbs_gallery_69ef4da76380b-stretchdelay {\r\n\t\t\t  0%, 40%, 100% { -webkit-transform: scaleY(0.4) }  \r\n\t\t\t  20% { -webkit-transform: scaleY(1.0) }\r\n\t\t\t}\r\n\t\t\t@keyframes rbs_gallery_69ef4da76380b-stretchdelay {\r\n\t\t\t  0%, 40%, 100% { \r\n\t\t\t    transform: scaleY(0.4);\r\n\t\t\t    -webkit-transform: scaleY(0.4);\r\n\t\t\t  }  20% { \r\n\t\t\t    transform: scaleY(1.0);\r\n\t\t\t    -webkit-transform: scaleY(1.0);\r\n\t\t\t  }\r\n\t\t\t}\r\n\t\t<\/style><div class=\"robo-gallery-wrap robo-gallery-wrap-id1998 robo-gallery-mosaic\" ><div id=\"rbs_gallery_69ef4da76380b-block-loader\" class=\"rbs_gallery_69ef4da76380bSpinner\"><div class=\"rbs_gallery_69ef4da76380bRect1\"><\/div> <div class=\"rbs_gallery_69ef4da76380bRect2\"><\/div> <div class=\"rbs_gallery_69ef4da76380bRect3\"><\/div> <div class=\"rbs_gallery_69ef4da76380bRect4\"><\/div> <div class=\"rbs_gallery_69ef4da76380bRect5\"><\/div><\/div><div id=\"robo_gallery_main_block_rbs_gallery_69ef4da76380b\" class=\"robogallery-gallery-1998\" style=\"width:100%;  display: none;\"><div id=\"rbs_gallery_69ef4da76380b\" data-options=\"rbs_gallery_69ef4da76380b\" style=\"width:100%;\" class=\"robo_gallery  \"><div class=\"rbs-img  category1998 \"  data-columns=\"4\" ><div class=\"rbs-img-image   rbs-lightbox \" ><div class=\"rbs-img-thumbs\"  data-thumbnail=\"https:\/\/andreamontiel.mx\/wp-content\/uploads\/2021\/06\/06-VAPOR-DE-MARMOL-1-portada-1-761x1024.jpg\"  title=\"06 VAPOR DE M\u00c1RMOL 1 portada\"  data-width=\"761\"  data-height=\"1024\" ><\/div><div class=\"rbs-img-data-popup\"  data-popup=\"https:\/\/andreamontiel.mx\/wp-content\/uploads\/2021\/06\/06-VAPOR-DE-MARMOL-1-portada-1.jpg\"  title=\"06 VAPOR DE M\u00c1RMOL 1 portada\" ><\/div><div class=\"thumbnail-overlay\"><div class=\"rbsIcons\"><i class=\"fa fa-image rbsZoomIcon \" ><\/i><\/div><\/div><\/div><\/div><div class=\"rbs-img  category1998 \" ><div class=\"rbs-img-image   rbs-lightbox \" ><div class=\"rbs-img-thumbs\"  data-thumbnail=\"https:\/\/andreamontiel.mx\/wp-content\/uploads\/2021\/06\/06-VAPOR-DE-MARMOL-2-contraportada-1-1-755x1024.jpg\"  title=\"06 VAPOR DE M\u00c1RMOL 2 contraportada\"  data-width=\"755\"  data-height=\"1024\" ><\/div><div class=\"rbs-img-data-popup\"  data-popup=\"https:\/\/andreamontiel.mx\/wp-content\/uploads\/2021\/06\/06-VAPOR-DE-MARMOL-2-contraportada-1-1.jpg\"  title=\"06 VAPOR DE M\u00c1RMOL 2 contraportada\" ><\/div><div class=\"thumbnail-overlay\"><div class=\"rbsIcons\"><i class=\"fa fa-image rbsZoomIcon \" ><\/i><\/div><\/div><\/div><\/div><div class=\"rbs-img  category1998 \" ><div class=\"rbs-img-image   rbs-lightbox \" ><div class=\"rbs-img-thumbs\"  data-thumbnail=\"https:\/\/andreamontiel.mx\/wp-content\/uploads\/2021\/06\/06-VAPOR-DE-MARMOL-3-solapa-anterior-1-1-700x1024.jpg\"  title=\"06 VAPOR DE M\u00c1RMOL 3 solapa anterior\"  data-width=\"700\"  data-height=\"1024\" ><\/div><div class=\"rbs-img-data-popup\"  data-popup=\"https:\/\/andreamontiel.mx\/wp-content\/uploads\/2021\/06\/06-VAPOR-DE-MARMOL-3-solapa-anterior-1-1.jpg\"  title=\"06 VAPOR DE M\u00c1RMOL 3 solapa anterior\" ><\/div><div class=\"thumbnail-overlay\"><div class=\"rbsIcons\"><i class=\"fa fa-image rbsZoomIcon \" ><\/i><\/div><\/div><\/div><\/div><div class=\"rbs-img  category1998 \" ><div class=\"rbs-img-image   rbs-lightbox \" ><div class=\"rbs-img-thumbs\"  data-thumbnail=\"https:\/\/andreamontiel.mx\/wp-content\/uploads\/2021\/07\/1996-3-VAPOR-DE-MARMOL-Casa-del-libro-1-1024x572.jpg\"  title=\"1996 3 VAPOR DE M\u00c1RMOL Casa del libro 1\"  data-width=\"1024\"  data-height=\"572\" ><\/div><div class=\"rbs-img-data-popup\"  data-popup=\"https:\/\/andreamontiel.mx\/wp-content\/uploads\/2021\/07\/1996-3-VAPOR-DE-MARMOL-Casa-del-libro-1.jpg\"  title=\"1996 3 VAPOR DE M\u00c1RMOL Casa del libro 1\" ><\/div><div class=\"thumbnail-overlay\"><div class=\"rbsIcons\"><i class=\"fa fa-image rbsZoomIcon \" ><\/i><\/div><\/div><\/div><\/div><div class=\"rbs-img  category1998 \"  data-columns=\"3\" ><div class=\"rbs-img-image   rbs-lightbox \" ><div class=\"rbs-img-thumbs\"  data-thumbnail=\"https:\/\/andreamontiel.mx\/wp-content\/uploads\/2021\/07\/1996-4-VAPOR-DE-MARMOL-Casa-del-libro-2-1024x479.jpg\"  title=\"1996 4 VAPOR DE M\u00c1RMOL Casa del libro 2\"  data-width=\"1024\"  data-height=\"479\" ><\/div><div class=\"rbs-img-data-popup\"  data-popup=\"https:\/\/andreamontiel.mx\/wp-content\/uploads\/2021\/07\/1996-4-VAPOR-DE-MARMOL-Casa-del-libro-2.jpg\"  title=\"1996 4 VAPOR DE M\u00c1RMOL Casa del libro 2\" ><\/div><div class=\"thumbnail-overlay\"><div class=\"rbsIcons\"><i class=\"fa fa-image rbsZoomIcon \" ><\/i><\/div><\/div><\/div><\/div><div class=\"rbs-img  category1998 \" ><div class=\"rbs-img-image   rbs-lightbox \" ><div class=\"rbs-img-thumbs\"  data-thumbnail=\"https:\/\/andreamontiel.mx\/wp-content\/uploads\/2021\/07\/1996-5-VAPOR-DE-MARMOL-Casa-del-libro-3-1024x712.jpg\"  title=\"1996 5 VAPOR DE M\u00c1RMOL Casa del libro 3\"  data-width=\"1024\"  data-height=\"712\" ><\/div><div class=\"rbs-img-data-popup\"  data-popup=\"https:\/\/andreamontiel.mx\/wp-content\/uploads\/2021\/07\/1996-5-VAPOR-DE-MARMOL-Casa-del-libro-3.jpg\"  title=\"1996 5 VAPOR DE M\u00c1RMOL Casa del libro 3\" ><\/div><div class=\"thumbnail-overlay\"><div class=\"rbsIcons\"><i class=\"fa fa-image rbsZoomIcon \" ><\/i><\/div><\/div><\/div><\/div><div class=\"rbs-img  category1998 \" ><div class=\"rbs-img-image   rbs-lightbox \" ><div class=\"rbs-img-thumbs\"  data-thumbnail=\"https:\/\/andreamontiel.mx\/wp-content\/uploads\/2021\/07\/1996-6-VAPOR-DE-MARMOL-Casa-del-libro-4-1024x730.jpg\"  title=\"1996 6 VAPOR DE M\u00c1RMOL Casa del libro 4\"  data-width=\"1024\"  data-height=\"730\" ><\/div><div class=\"rbs-img-data-popup\"  data-popup=\"https:\/\/andreamontiel.mx\/wp-content\/uploads\/2021\/07\/1996-6-VAPOR-DE-MARMOL-Casa-del-libro-4.jpg\"  title=\"1996 6 VAPOR DE M\u00c1RMOL Casa del libro 4\" ><\/div><div class=\"thumbnail-overlay\"><div class=\"rbsIcons\"><i class=\"fa fa-image rbsZoomIcon \" ><\/i><\/div><\/div><\/div><\/div><div class=\"rbs-img  category1998 \" ><div class=\"rbs-img-image   rbs-lightbox \" ><div class=\"rbs-img-thumbs\"  data-thumbnail=\"https:\/\/andreamontiel.mx\/wp-content\/uploads\/2021\/07\/1996-7-VAPOR-DE-MARMOL-leo-al-lado-HUGO-ARGUELLES-5-1024x697.jpg\"  title=\"1996 7 VAPOR DE M\u00c1RMOL leo al lado HUGO ARG\u00dcELLES 5\"  data-width=\"1024\"  data-height=\"697\" ><\/div><div class=\"rbs-img-data-popup\"  data-popup=\"https:\/\/andreamontiel.mx\/wp-content\/uploads\/2021\/07\/1996-7-VAPOR-DE-MARMOL-leo-al-lado-HUGO-ARGUELLES-5.jpg\"  title=\"1996 7 VAPOR DE M\u00c1RMOL leo al lado HUGO ARG\u00dcELLES 5\" ><\/div><div class=\"thumbnail-overlay\"><div class=\"rbsIcons\"><i class=\"fa fa-image rbsZoomIcon \" ><\/i><\/div><\/div><\/div><\/div><div class=\"rbs-img  category1998 \" ><div class=\"rbs-img-image   rbs-lightbox \" ><div class=\"rbs-img-thumbs\"  data-thumbnail=\"https:\/\/andreamontiel.mx\/wp-content\/uploads\/2021\/07\/1996-8-VAPOR-DE-MARMOL-Carlos-Pascual-espectaculo-6-1024x647.jpg\"  title=\"1996 8 VAPOR DE M\u00c1RMOL Carlos Pascual espect\u00e1culo 6\"  data-width=\"1024\"  data-height=\"647\" ><\/div><div class=\"rbs-img-data-popup\"  data-popup=\"https:\/\/andreamontiel.mx\/wp-content\/uploads\/2021\/07\/1996-8-VAPOR-DE-MARMOL-Carlos-Pascual-espectaculo-6.jpg\"  title=\"1996 8 VAPOR DE M\u00c1RMOL Carlos Pascual espect\u00e1culo 6\" ><\/div><div class=\"thumbnail-overlay\"><div class=\"rbsIcons\"><i class=\"fa fa-image rbsZoomIcon \" ><\/i><\/div><\/div><\/div><\/div><div class=\"rbs-img  category1998 \"  data-columns=\"2\" ><div class=\"rbs-img-image   rbs-lightbox \" ><div class=\"rbs-img-thumbs\"  data-thumbnail=\"https:\/\/andreamontiel.mx\/wp-content\/uploads\/2021\/07\/1996-9-VAPOR-DE-MARMOL-Carlos-Pascual-espectaculo-7-702x1024.jpg\"  title=\"1996 9 VAPOR DE M\u00c1RMOL Carlos Pascual espect\u00e1culo 7\"  data-width=\"702\"  data-height=\"1024\" ><\/div><div class=\"rbs-img-data-popup\"  data-popup=\"https:\/\/andreamontiel.mx\/wp-content\/uploads\/2021\/07\/1996-9-VAPOR-DE-MARMOL-Carlos-Pascual-espectaculo-7.jpg\"  title=\"1996 9 VAPOR DE M\u00c1RMOL Carlos Pascual espect\u00e1culo 7\" ><\/div><div class=\"thumbnail-overlay\"><div class=\"rbsIcons\"><i class=\"fa fa-image rbsZoomIcon \" ><\/i><\/div><\/div><\/div><\/div><div class=\"rbs-img  category1998 \" ><div class=\"rbs-img-image   rbs-lightbox \" ><div class=\"rbs-img-thumbs\"  data-thumbnail=\"https:\/\/andreamontiel.mx\/wp-content\/uploads\/2021\/07\/1996-11-VAPOR-DE-MARMOL-Carlos-Pascual-espectaculo-9-663x1024.jpg\"  title=\"1996 11 VAPOR DE M\u00c1RMOL Carlos Pascual espect\u00e1culo 9\"  data-width=\"663\"  data-height=\"1024\" ><\/div><div class=\"rbs-img-data-popup\"  data-popup=\"https:\/\/andreamontiel.mx\/wp-content\/uploads\/2021\/07\/1996-11-VAPOR-DE-MARMOL-Carlos-Pascual-espectaculo-9.jpg\"  title=\"1996 11 VAPOR DE M\u00c1RMOL Carlos Pascual espect\u00e1culo 9\" ><\/div><div class=\"thumbnail-overlay\"><div class=\"rbsIcons\"><i class=\"fa fa-image rbsZoomIcon \" ><\/i><\/div><\/div><\/div><\/div><div class=\"rbs-img  category1998 \" ><div class=\"rbs-img-image   rbs-lightbox \" ><div class=\"rbs-img-thumbs\"  data-thumbnail=\"https:\/\/andreamontiel.mx\/wp-content\/uploads\/2021\/07\/1996-12-VAPOR-DE-MARMOL-Carlos-Pascual-espectaculo-10-713x1024.jpg\"  title=\"1996 12 VAPOR DE M\u00c1RMOL Carlos Pascual espect\u00e1culo 10\"  data-width=\"713\"  data-height=\"1024\" ><\/div><div class=\"rbs-img-data-popup\"  data-popup=\"https:\/\/andreamontiel.mx\/wp-content\/uploads\/2021\/07\/1996-12-VAPOR-DE-MARMOL-Carlos-Pascual-espectaculo-10.jpg\"  title=\"1996 12 VAPOR DE M\u00c1RMOL Carlos Pascual espect\u00e1culo 10\" ><\/div><div class=\"thumbnail-overlay\"><div class=\"rbsIcons\"><i class=\"fa fa-image rbsZoomIcon \" ><\/i><\/div><\/div><\/div><\/div><div class=\"rbs-img  category1998 \"  data-columns=\"4\" ><div class=\"rbs-img-image   rbs-lightbox \" ><div class=\"rbs-img-thumbs\"  data-thumbnail=\"https:\/\/andreamontiel.mx\/wp-content\/uploads\/2021\/07\/1996-13-VAPOR-DE-MARMOL-yo-con-Carlos-Pascual-11-704x1024.jpg\"  title=\"1996 13 VAPOR DE M\u00c1RMOL yo con Carlos Pascual 11\"  data-width=\"704\"  data-height=\"1024\" ><\/div><div class=\"rbs-img-data-popup\"  data-popup=\"https:\/\/andreamontiel.mx\/wp-content\/uploads\/2021\/07\/1996-13-VAPOR-DE-MARMOL-yo-con-Carlos-Pascual-11.jpg\"  title=\"1996 13 VAPOR DE M\u00c1RMOL yo con Carlos Pascual 11\" ><\/div><div class=\"thumbnail-overlay\"><div class=\"rbsIcons\"><i class=\"fa fa-image rbsZoomIcon \" ><\/i><\/div><\/div><\/div><\/div><div class=\"rbs-img  category1998 \" ><div class=\"rbs-img-image   rbs-lightbox \" ><div class=\"rbs-img-thumbs\"  data-thumbnail=\"https:\/\/andreamontiel.mx\/wp-content\/uploads\/2021\/07\/1996-14-VAPOR-DE-MARMOLyo-con-Carlos-Pascual-12-670x1024.jpg\"  title=\"1996 14 VAPOR DE M\u00c1RMOLyo con Carlos Pascual 12\"  data-width=\"670\"  data-height=\"1024\" ><\/div><div class=\"rbs-img-data-popup\"  data-popup=\"https:\/\/andreamontiel.mx\/wp-content\/uploads\/2021\/07\/1996-14-VAPOR-DE-MARMOLyo-con-Carlos-Pascual-12.jpg\"  title=\"1996 14 VAPOR DE M\u00c1RMOLyo con Carlos Pascual 12\" ><\/div><div class=\"thumbnail-overlay\"><div class=\"rbsIcons\"><i class=\"fa fa-image rbsZoomIcon \" ><\/i><\/div><\/div><\/div><\/div><div class=\"rbs-img  category1998 \" ><div class=\"rbs-img-image   rbs-lightbox \" ><div class=\"rbs-img-thumbs\"  data-thumbnail=\"https:\/\/andreamontiel.mx\/wp-content\/uploads\/2021\/07\/1996-15-VAPOR-DE-MARMOL-yo-con-mami-13.jpg\"  title=\"1996 15 VAPOR DE M\u00c1RMOL yo con mami 13\"  data-width=\"721\"  data-height=\"1024\" ><\/div><div class=\"rbs-img-data-popup\"  data-popup=\"https:\/\/andreamontiel.mx\/wp-content\/uploads\/2021\/07\/1996-15-VAPOR-DE-MARMOL-yo-con-mami-13.jpg\"  title=\"1996 15 VAPOR DE M\u00c1RMOL yo con mami 13\" ><\/div><div class=\"thumbnail-overlay\"><div class=\"rbsIcons\"><i class=\"fa fa-image rbsZoomIcon \" ><\/i><\/div><\/div><\/div><\/div><div class=\"rbs-img  category1998 \" ><div class=\"rbs-img-image   rbs-lightbox \" ><div class=\"rbs-img-thumbs\"  data-thumbnail=\"https:\/\/andreamontiel.mx\/wp-content\/uploads\/2021\/07\/1996-19-VAPOR-DE-MARMOL-pres-UAQueretaro-1-1024x681.jpg\"  title=\"1996 19 VAPOR DE M\u00c1RMOL pres UAQuer\u00e9taro 1\"  data-width=\"1024\"  data-height=\"681\" ><\/div><div class=\"rbs-img-data-popup\"  data-popup=\"https:\/\/andreamontiel.mx\/wp-content\/uploads\/2021\/07\/1996-19-VAPOR-DE-MARMOL-pres-UAQueretaro-1.jpg\"  title=\"1996 19 VAPOR DE M\u00c1RMOL pres UAQuer\u00e9taro 1\" ><\/div><div class=\"thumbnail-overlay\"><div class=\"rbsIcons\"><i class=\"fa fa-image rbsZoomIcon \" ><\/i><\/div><\/div><\/div><\/div><div class=\"rbs-img  category1998 \" ><div class=\"rbs-img-image   rbs-lightbox \" ><div class=\"rbs-img-thumbs\"  data-thumbnail=\"https:\/\/andreamontiel.mx\/wp-content\/uploads\/2021\/07\/1996-20-VAPOR-DE-MARMOL-pres-UAQueretaro-2.jpg\"  title=\"1996 20 VAPOR DE M\u00c1RMOL pres UAQuer\u00e9taro 2\"  data-width=\"963\"  data-height=\"646\" ><\/div><div class=\"rbs-img-data-popup\"  data-popup=\"https:\/\/andreamontiel.mx\/wp-content\/uploads\/2021\/07\/1996-20-VAPOR-DE-MARMOL-pres-UAQueretaro-2.jpg\"  title=\"1996 20 VAPOR DE M\u00c1RMOL pres UAQuer\u00e9taro 2\" ><\/div><div class=\"thumbnail-overlay\"><div class=\"rbsIcons\"><i class=\"fa fa-image rbsZoomIcon \" ><\/i><\/div><\/div><\/div><\/div><div class=\"rbs-img  category1998 \" ><div class=\"rbs-img-image   rbs-lightbox \" ><div class=\"rbs-img-thumbs\"  data-thumbnail=\"https:\/\/andreamontiel.mx\/wp-content\/uploads\/2021\/07\/1996-21-VAPOR-DE-MARMOL-pres-UAQueretaro-3.jpg\"  title=\"1996 21 VAPOR DE M\u00c1RMOL pres UAQuer\u00e9taro 3\"  data-width=\"990\"  data-height=\"780\" ><\/div><div class=\"rbs-img-data-popup\"  data-popup=\"https:\/\/andreamontiel.mx\/wp-content\/uploads\/2021\/07\/1996-21-VAPOR-DE-MARMOL-pres-UAQueretaro-3.jpg\"  title=\"1996 21 VAPOR DE M\u00c1RMOL pres UAQuer\u00e9taro 3\" ><\/div><div class=\"thumbnail-overlay\"><div class=\"rbsIcons\"><i class=\"fa fa-image rbsZoomIcon \" ><\/i><\/div><\/div><\/div><\/div><div class=\"rbs-img  category1998 \" ><div class=\"rbs-img-image   rbs-lightbox \" ><div class=\"rbs-img-thumbs\"  data-thumbnail=\"https:\/\/andreamontiel.mx\/wp-content\/uploads\/2021\/07\/1996-23-VAPOR-DE-MARMOL-pres-AZCAPOTZALCO-1-1024x679.jpg\"  title=\"1996 23 VAPOR DE M\u00c1RMOL pres AZCAPOTZALCO 1\"  data-width=\"1024\"  data-height=\"679\" ><\/div><div class=\"rbs-img-data-popup\"  data-popup=\"https:\/\/andreamontiel.mx\/wp-content\/uploads\/2021\/07\/1996-23-VAPOR-DE-MARMOL-pres-AZCAPOTZALCO-1.jpg\"  title=\"1996 23 VAPOR DE M\u00c1RMOL pres AZCAPOTZALCO 1\" ><\/div><div class=\"thumbnail-overlay\"><div class=\"rbsIcons\"><i class=\"fa fa-image rbsZoomIcon \" ><\/i><\/div><\/div><\/div><\/div><div class=\"rbs-img  category1998 \"  data-columns=\"4\" ><div class=\"rbs-img-image   rbs-lightbox \" ><div class=\"rbs-img-thumbs\"  data-thumbnail=\"https:\/\/andreamontiel.mx\/wp-content\/uploads\/2021\/07\/1996-24-VAPOR-DE-MARMOL-pres-AZCAPOTZALCO-2.jpg\"  title=\"1996 24 VAPOR DE M\u00c1RMOL pres AZCAPOTZALCO 2\"  data-width=\"864\"  data-height=\"683\" ><\/div><div class=\"rbs-img-data-popup\"  data-popup=\"https:\/\/andreamontiel.mx\/wp-content\/uploads\/2021\/07\/1996-24-VAPOR-DE-MARMOL-pres-AZCAPOTZALCO-2.jpg\"  title=\"1996 24 VAPOR DE M\u00c1RMOL pres AZCAPOTZALCO 2\" ><\/div><div class=\"thumbnail-overlay\"><div class=\"rbsIcons\"><i class=\"fa fa-image rbsZoomIcon \" ><\/i><\/div><\/div><\/div><\/div><div class=\"rbs-img  category1998 \" ><div class=\"rbs-img-image   rbs-lightbox \" ><div class=\"rbs-img-thumbs\"  data-thumbnail=\"https:\/\/andreamontiel.mx\/wp-content\/uploads\/2021\/07\/1996-25-VAPOR-DE-MARMOL-pres-AZCAPOTZALCO-3-1024x658.jpg\"  title=\"1996 25 VAPOR DE M\u00c1RMOL pres AZCAPOTZALCO 3\"  data-width=\"1024\"  data-height=\"658\" ><\/div><div class=\"rbs-img-data-popup\"  data-popup=\"https:\/\/andreamontiel.mx\/wp-content\/uploads\/2021\/07\/1996-25-VAPOR-DE-MARMOL-pres-AZCAPOTZALCO-3.jpg\"  title=\"1996 25 VAPOR DE M\u00c1RMOL pres AZCAPOTZALCO 3\" ><\/div><div class=\"thumbnail-overlay\"><div class=\"rbsIcons\"><i class=\"fa fa-image rbsZoomIcon \" ><\/i><\/div><\/div><\/div><\/div><div class=\"rbs-img  category1998 \" ><div class=\"rbs-img-image   rbs-lightbox \" ><div class=\"rbs-img-thumbs\"  data-thumbnail=\"https:\/\/andreamontiel.mx\/wp-content\/uploads\/2021\/07\/1996-26-VAPOR-DE-MARMOL-pres-AZCAPOTZALCO-4-1024x632.jpg\"  title=\"1996 26 VAPOR DE M\u00c1RMOL pres AZCAPOTZALCO 4\"  data-width=\"1024\"  data-height=\"632\" ><\/div><div class=\"rbs-img-data-popup\"  data-popup=\"https:\/\/andreamontiel.mx\/wp-content\/uploads\/2021\/07\/1996-26-VAPOR-DE-MARMOL-pres-AZCAPOTZALCO-4.jpg\"  title=\"1996 26 VAPOR DE M\u00c1RMOL pres AZCAPOTZALCO 4\" ><\/div><div class=\"thumbnail-overlay\"><div class=\"rbsIcons\"><i class=\"fa fa-image rbsZoomIcon \" ><\/i><\/div><\/div><\/div><\/div><div class=\"rbs-img  category1998 \" ><div class=\"rbs-img-image   rbs-lightbox \" ><div class=\"rbs-img-thumbs\"  data-thumbnail=\"https:\/\/andreamontiel.mx\/wp-content\/uploads\/2021\/07\/1996-27-VAPOR-DE-MARMOL-pres-AZCAPOTZALCO-mami-5-1024x537.jpg\"  title=\"1996 27 VAPOR DE M\u00c1RMOL pres AZCAPOTZALCO mami 5\"  data-width=\"1024\"  data-height=\"537\" ><\/div><div class=\"rbs-img-data-popup\"  data-popup=\"https:\/\/andreamontiel.mx\/wp-content\/uploads\/2021\/07\/1996-27-VAPOR-DE-MARMOL-pres-AZCAPOTZALCO-mami-5.jpg\"  title=\"1996 27 VAPOR DE M\u00c1RMOL pres AZCAPOTZALCO mami 5\" ><\/div><div class=\"thumbnail-overlay\"><div class=\"rbsIcons\"><i class=\"fa fa-image rbsZoomIcon \" ><\/i><\/div><\/div><\/div><\/div><div class=\"rbs-img  category1998 \"  data-columns=\"3\" ><div class=\"rbs-img-image   rbs-lightbox \" ><div class=\"rbs-img-thumbs\"  data-thumbnail=\"https:\/\/andreamontiel.mx\/wp-content\/uploads\/2021\/07\/1996-28-VAPOR-DE-MARMOL-pres-AZCAPOTZALCO-mami-6-1024x707.jpg\"  title=\"1996 28 VAPOR DE M\u00c1RMOL pres AZCAPOTZALCO mami 6\"  data-width=\"1024\"  data-height=\"707\" ><\/div><div class=\"rbs-img-data-popup\"  data-popup=\"https:\/\/andreamontiel.mx\/wp-content\/uploads\/2021\/07\/1996-28-VAPOR-DE-MARMOL-pres-AZCAPOTZALCO-mami-6.jpg\"  title=\"1996 28 VAPOR DE M\u00c1RMOL pres AZCAPOTZALCO mami 6\" ><\/div><div class=\"thumbnail-overlay\"><div class=\"rbsIcons\"><i class=\"fa fa-image rbsZoomIcon \" ><\/i><\/div><\/div><\/div><\/div><div class=\"rbs-img  category1998 \" ><div class=\"rbs-img-image   rbs-lightbox \" ><div class=\"rbs-img-thumbs\"  data-thumbnail=\"https:\/\/andreamontiel.mx\/wp-content\/uploads\/2021\/07\/1996-29-VAPOR-DE-MARMOL-pres-AZCAPOTZALCO-mami-7-1024x620.jpg\"  title=\"1996 29 VAPOR DE M\u00c1RMOL pres AZCAPOTZALCO mami 7\"  data-width=\"1024\"  data-height=\"620\" ><\/div><div class=\"rbs-img-data-popup\"  data-popup=\"https:\/\/andreamontiel.mx\/wp-content\/uploads\/2021\/07\/1996-29-VAPOR-DE-MARMOL-pres-AZCAPOTZALCO-mami-7.jpg\"  title=\"1996 29 VAPOR DE M\u00c1RMOL pres AZCAPOTZALCO mami 7\" ><\/div><div class=\"thumbnail-overlay\"><div class=\"rbsIcons\"><i class=\"fa fa-image rbsZoomIcon \" ><\/i><\/div><\/div><\/div><\/div><div class=\"rbs-img  category1998 \" ><div class=\"rbs-img-image   rbs-lightbox \" ><div class=\"rbs-img-thumbs\"  data-thumbnail=\"https:\/\/andreamontiel.mx\/wp-content\/uploads\/2021\/07\/1996-30-VAPOR-DE-MARMOL-pres-AZCAPOTZALCO-yo-leo-8.jpg\"  title=\"1996 30 VAPOR DE M\u00c1RMOL pres AZCAPOTZALCO yo leo 8\"  data-width=\"646\"  data-height=\"898\" ><\/div><div class=\"rbs-img-data-popup\"  data-popup=\"https:\/\/andreamontiel.mx\/wp-content\/uploads\/2021\/07\/1996-30-VAPOR-DE-MARMOL-pres-AZCAPOTZALCO-yo-leo-8.jpg\"  title=\"1996 30 VAPOR DE M\u00c1RMOL pres AZCAPOTZALCO yo leo 8\" ><\/div><div class=\"thumbnail-overlay\"><div class=\"rbsIcons\"><i class=\"fa fa-image rbsZoomIcon \" ><\/i><\/div><\/div><\/div><\/div><div class=\"rbs-img  category1998 \" ><div class=\"rbs-img-image   rbs-lightbox \" ><div class=\"rbs-img-thumbs\"  data-thumbnail=\"https:\/\/andreamontiel.mx\/wp-content\/uploads\/2021\/07\/2001-7-VAPOR-DE-MARMOL-TepejidelRio-1-659x1024.jpg\"  title=\"2001 7 VAPOR DE M\u00c1RMOL TepejidelR\u00edo 1\"  data-width=\"659\"  data-height=\"1024\" ><\/div><div class=\"rbs-img-data-popup\"  data-popup=\"https:\/\/andreamontiel.mx\/wp-content\/uploads\/2021\/07\/2001-7-VAPOR-DE-MARMOL-TepejidelRio-1.jpg\"  title=\"2001 7 VAPOR DE M\u00c1RMOL TepejidelR\u00edo 1\" ><\/div><div class=\"thumbnail-overlay\"><div class=\"rbsIcons\"><i class=\"fa fa-image rbsZoomIcon \" ><\/i><\/div><\/div><\/div><\/div><div class=\"rbs-img  category1998 \" ><div class=\"rbs-img-image   rbs-lightbox \" ><div class=\"rbs-img-thumbs\"  data-thumbnail=\"https:\/\/andreamontiel.mx\/wp-content\/uploads\/2021\/07\/2001-8-VAPOR-DE-MARMOL-TepejidelRio-2.jpg\"  title=\"2001 8 VAPOR DE M\u00c1RMOL TepejidelR\u00edo 2\"  data-width=\"1024\"  data-height=\"726\" ><\/div><div class=\"rbs-img-data-popup\"  data-popup=\"https:\/\/andreamontiel.mx\/wp-content\/uploads\/2021\/07\/2001-8-VAPOR-DE-MARMOL-TepejidelRio-2.jpg\"  title=\"2001 8 VAPOR DE M\u00c1RMOL TepejidelR\u00edo 2\" ><\/div><div class=\"thumbnail-overlay\"><div class=\"rbsIcons\"><i class=\"fa fa-image rbsZoomIcon \" ><\/i><\/div><\/div><\/div><\/div><div class=\"rbs-img  category1998 \"  data-columns=\"2\" ><div class=\"rbs-img-image   rbs-lightbox \" ><div class=\"rbs-img-thumbs\"  data-thumbnail=\"https:\/\/andreamontiel.mx\/wp-content\/uploads\/2021\/07\/2001-9-VAPOR-DE-MARMOL-TepejidelRio-3-1024x590.jpg\"  title=\"2001 9 VAPOR DE M\u00c1RMOL TepejidelR\u00edo 3\"  data-width=\"1024\"  data-height=\"590\" ><\/div><div class=\"rbs-img-data-popup\"  data-popup=\"https:\/\/andreamontiel.mx\/wp-content\/uploads\/2021\/07\/2001-9-VAPOR-DE-MARMOL-TepejidelRio-3.jpg\"  title=\"2001 9 VAPOR DE M\u00c1RMOL TepejidelR\u00edo 3\" ><\/div><div class=\"thumbnail-overlay\"><div class=\"rbsIcons\"><i class=\"fa fa-image rbsZoomIcon \" ><\/i><\/div><\/div><\/div><\/div><div class=\"rbs-img  category1998 \" ><div class=\"rbs-img-image   rbs-lightbox \" ><div class=\"rbs-img-thumbs\"  data-thumbnail=\"https:\/\/andreamontiel.mx\/wp-content\/uploads\/2021\/07\/2001-10-VAPOR-DE-MARMOL-TepejidelRio-4-1024x603.jpg\"  title=\"2001 10 VAPOR DE M\u00c1RMOL TepejidelR\u00edo 4\"  data-width=\"1024\"  data-height=\"603\" ><\/div><div class=\"rbs-img-data-popup\"  data-popup=\"https:\/\/andreamontiel.mx\/wp-content\/uploads\/2021\/07\/2001-10-VAPOR-DE-MARMOL-TepejidelRio-4.jpg\"  title=\"2001 10 VAPOR DE M\u00c1RMOL TepejidelR\u00edo 4\" ><\/div><div class=\"thumbnail-overlay\"><div class=\"rbsIcons\"><i class=\"fa fa-image rbsZoomIcon \" ><\/i><\/div><\/div><\/div><\/div><div class=\"rbs-img  category1998 \" ><div class=\"rbs-img-image   rbs-lightbox \" ><div class=\"rbs-img-thumbs\"  data-thumbnail=\"https:\/\/andreamontiel.mx\/wp-content\/uploads\/2021\/07\/2001-11-VAPOR-DE-MARMOL-TepejidelRio-5-1024x691.jpg\"  title=\"2001 11 VAPOR DE M\u00c1RMOL TepejidelR\u00edo 5\"  data-width=\"1024\"  data-height=\"691\" ><\/div><div class=\"rbs-img-data-popup\"  data-popup=\"https:\/\/andreamontiel.mx\/wp-content\/uploads\/2021\/07\/2001-11-VAPOR-DE-MARMOL-TepejidelRio-5.jpg\"  title=\"2001 11 VAPOR DE M\u00c1RMOL TepejidelR\u00edo 5\" ><\/div><div class=\"thumbnail-overlay\"><div class=\"rbsIcons\"><i class=\"fa fa-image rbsZoomIcon \" ><\/i><\/div><\/div><\/div><\/div><div class=\"rbs-img  category1998 \"  data-columns=\"4\" ><div class=\"rbs-img-image   rbs-lightbox \" ><div class=\"rbs-img-thumbs\"  data-thumbnail=\"https:\/\/andreamontiel.mx\/wp-content\/uploads\/2021\/07\/2001-12-VAPOR-DE-MARMOL-TepejidelRio-6-1024x686.jpg\"  title=\"2001 12 VAPOR DE M\u00c1RMOL TepejidelR\u00edo 6\"  data-width=\"1024\"  data-height=\"686\" ><\/div><div class=\"rbs-img-data-popup\"  data-popup=\"https:\/\/andreamontiel.mx\/wp-content\/uploads\/2021\/07\/2001-12-VAPOR-DE-MARMOL-TepejidelRio-6.jpg\"  title=\"2001 12 VAPOR DE M\u00c1RMOL TepejidelR\u00edo 6\" ><\/div><div class=\"thumbnail-overlay\"><div class=\"rbsIcons\"><i class=\"fa fa-image rbsZoomIcon \" ><\/i><\/div><\/div><\/div><\/div><div class=\"rbs-img  category1998 \" ><div class=\"rbs-img-image   rbs-lightbox \" ><div class=\"rbs-img-thumbs\"  data-thumbnail=\"https:\/\/andreamontiel.mx\/wp-content\/uploads\/2021\/07\/2001-13-VAPOR-DE-MARMOL-TepejidelRio-7-1024x779.jpg\"  title=\"2001 13 VAPOR DE M\u00c1RMOL TepejidelR\u00edo 7\"  data-width=\"1024\"  data-height=\"779\" ><\/div><div class=\"rbs-img-data-popup\"  data-popup=\"https:\/\/andreamontiel.mx\/wp-content\/uploads\/2021\/07\/2001-13-VAPOR-DE-MARMOL-TepejidelRio-7.jpg\"  title=\"2001 13 VAPOR DE M\u00c1RMOL TepejidelR\u00edo 7\" ><\/div><div class=\"thumbnail-overlay\"><div class=\"rbsIcons\"><i class=\"fa fa-image rbsZoomIcon \" ><\/i><\/div><\/div><\/div><\/div><div class=\"rbs-img  category1998 \" ><div class=\"rbs-img-image   rbs-lightbox \" ><div class=\"rbs-img-thumbs\"  data-thumbnail=\"https:\/\/andreamontiel.mx\/wp-content\/uploads\/2021\/07\/2001-14-VAPOR-DE-MARMOL-TepejidelRio-8-1024x726.jpg\"  title=\"2001 14 VAPOR DE M\u00c1RMOL TepejidelR\u00edo 8\"  data-width=\"1024\"  data-height=\"726\" ><\/div><div class=\"rbs-img-data-popup\"  data-popup=\"https:\/\/andreamontiel.mx\/wp-content\/uploads\/2021\/07\/2001-14-VAPOR-DE-MARMOL-TepejidelRio-8.jpg\"  title=\"2001 14 VAPOR DE M\u00c1RMOL TepejidelR\u00edo 8\" ><\/div><div class=\"thumbnail-overlay\"><div class=\"rbsIcons\"><i class=\"fa fa-image rbsZoomIcon \" ><\/i><\/div><\/div><\/div><\/div><\/div><\/div><\/div><script>var rbs_gallery_69ef4da76380b = {\"version\":\"3.2.18\",\"id\":1998,\"class\":\"id1998\",\"roboGalleryDelay\":1000,\"mainContainer\":\"#robo_gallery_main_block_rbs_gallery_69ef4da76380b\",\"loadingContainer\":\"#rbs_gallery_69ef4da76380b-block-loader\",\"loadingContainerObj\":\"rbs_gallery_69ef4da76380b-block-loader\",\"columnWidth\":\"auto\",\"columns\":8,\"resolutions\":[{\"columnWidth\":\"auto\",\"columns\":3,\"maxWidth\":960},{\"columnWidth\":\"auto\",\"columns\":2,\"maxWidth\":650},{\"columnWidth\":\"auto\",\"columns\":1,\"maxWidth\":450}],\"lightboxOptions\":{\"gallery\":{\"enabled\":true,\"tCounter\":\"%curr% of %total%\"}},\"borderSize\":5,\"overlayEffect\":\"direction-aware-fade\",\"boxesToLoadStart\":20,\"boxesToLoad\":8,\"waitUntilThumbLoads\":1,\"LoadingWord\":\"Loading...\",\"loadMoreWord\":\"Load More\",\"noMoreEntriesWord\":\"No More Entries\",\"horizontalSpaceBetweenBoxes\":15,\"verticalSpaceBetweenBoxes\":15,\"lazyLoad\":1,\"wrapContainer\":\"#robo-gallery-wrap-rbs_gallery_69ef4da76380b\"};<\/script>","protected":false},"excerpt":{"rendered":"<p>Lorem ipsum dolor sit amet, consectetur adipiscing elit, sed do eiusmod tempor incididunt ut labore et dolore magna aliqua<\/p>\n","protected":false},"author":2,"featured_media":1993,"comment_status":"closed","ping_status":"closed","sticky":false,"template":"","format":"standard","meta":{"footnotes":""},"categories":[39],"tags":[50,54,53,48,46,51,49,52,47],"aioseo_notices":[],"_links":{"self":[{"href":"https:\/\/andreamontiel.mx\/index.php?rest_route=\/wp\/v2\/posts\/1992"}],"collection":[{"href":"https:\/\/andreamontiel.mx\/index.php?rest_route=\/wp\/v2\/posts"}],"about":[{"href":"https:\/\/andreamontiel.mx\/index.php?rest_route=\/wp\/v2\/types\/post"}],"author":[{"embeddable":true,"href":"https:\/\/andreamontiel.mx\/index.php?rest_route=\/wp\/v2\/users\/2"}],"replies":[{"embeddable":true,"href":"https:\/\/andreamontiel.mx\/index.php?rest_route=%2Fwp%2Fv2%2Fcomments&post=1992"}],"version-history":[{"count":2,"href":"https:\/\/andreamontiel.mx\/index.php?rest_route=\/wp\/v2\/posts\/1992\/revisions"}],"predecessor-version":[{"id":2003,"href":"https:\/\/andreamontiel.mx\/index.php?rest_route=\/wp\/v2\/posts\/1992\/revisions\/2003"}],"wp:featuredmedia":[{"embeddable":true,"href":"https:\/\/andreamontiel.mx\/index.php?rest_route=\/wp\/v2\/media\/1993"}],"wp:attachment":[{"href":"https:\/\/andreamontiel.mx\/index.php?rest_route=%2Fwp%2Fv2%2Fmedia&parent=1992"}],"wp:term":[{"taxonomy":"category","embeddable":true,"href":"https:\/\/andreamontiel.mx\/index.php?rest_route=%2Fwp%2Fv2%2Fcategories&post=1992"},{"taxonomy":"post_tag","embeddable":true,"href":"https:\/\/andreamontiel.mx\/index.php?rest_route=%2Fwp%2Fv2%2Ftags&post=1992"}],"curies":[{"name":"wp","href":"https:\/\/api.w.org\/{rel}","templated":true}]}}