{"id":2004,"date":"2021-06-09T17:03:14","date_gmt":"2021-06-09T17:03:14","guid":{"rendered":"https:\/\/andreamontiel.mx\/?p=2004"},"modified":"2021-11-11T17:54:35","modified_gmt":"2021-11-11T17:54:35","slug":"en-el-solsticio-de-verano-durante-las-lluvias-vesperales-1996","status":"publish","type":"post","link":"https:\/\/andreamontiel.mx\/?p=2004","title":{"rendered":"En el solsticio de verano, durante las lluvias vesperales (1996)"},"content":{"rendered":"\n<figure class=\"wp-block-gallery columns-1 is-cropped wp-block-gallery-1 is-layout-flex wp-block-gallery-is-layout-flex\"><ul class=\"blocks-gallery-grid\"><li class=\"blocks-gallery-item\"><figure><img loading=\"lazy\" decoding=\"async\" width=\"1024\" height=\"776\" src=\"https:\/\/andreamontiel.mx\/wp-content\/uploads\/2021\/10\/solstverano2014-1024x776.jpg\" alt=\"\" data-id=\"2503\" data-full-url=\"https:\/\/andreamontiel.mx\/wp-content\/uploads\/2021\/10\/solstverano2014.jpg\" data-link=\"https:\/\/andreamontiel.mx\/?attachment_id=2503\" class=\"wp-image-2503\" srcset=\"https:\/\/andreamontiel.mx\/wp-content\/uploads\/2021\/10\/solstverano2014-1024x776.jpg 1024w, https:\/\/andreamontiel.mx\/wp-content\/uploads\/2021\/10\/solstverano2014-300x227.jpg 300w, https:\/\/andreamontiel.mx\/wp-content\/uploads\/2021\/10\/solstverano2014-768x582.jpg 768w, https:\/\/andreamontiel.mx\/wp-content\/uploads\/2021\/10\/solstverano2014-1536x1164.jpg 1536w, https:\/\/andreamontiel.mx\/wp-content\/uploads\/2021\/10\/solstverano2014-2048x1552.jpg 2048w, https:\/\/andreamontiel.mx\/wp-content\/uploads\/2021\/10\/solstverano2014-600x455.jpg 600w\" sizes=\"(max-width: 1024px) 100vw, 1024px\" \/><figcaption class=\"blocks-gallery-item__caption\">Edici\u00f3n Biling\u00fce espa\u00f1ol-franc\u00e9s<br>traducci\u00f3n de Bernard Pozier y Ana Cristina Z\u00fa\u00f1iga<br>(Ediciones 34 y S\u00edSIFO EDICIONES) 2014)<\/figcaption><\/figure><\/li><\/ul><\/figure>\n\n\n\n<div class=\"wp-block-buttons is-layout-flex wp-block-buttons-is-layout-flex\">\n<div class=\"wp-block-button\"><a class=\"wp-block-button__link\">Descargar muestra<\/a><\/div>\n\n\n\n<div class=\"wp-block-button\"><a class=\"wp-block-button__link\">comprar libro<\/a><\/div>\n<\/div>\n\n\n\n<hr class=\"wp-block-separator\"\/>\n\n\n\n<p><strong>Edici\u00f3n Biling\u00fce espa\u00f1ol-franc\u00e9s<br>traducci\u00f3n de Bernard Pozier y Ana Cristina Z\u00fa\u00f1iga<br>(Ediciones 34 y S\u00edSIFO EDICIONES) 2014)<\/strong><\/p>\n\n\n\n<p><\/p>\n\n\n\n<p><strong>Edici\u00f3n Biling\u00fce espa\u00f1ol-franc\u00e9s<br>traducci\u00f3n de Bernard Pozier y Ana Cristina Z\u00fa\u00f1iga<br>(Ediciones 34 y S\u00edSIFO EDICIONES) 2014)<\/strong><\/p>\n\n\n\n<p class=\"has-text-align-center\"><\/p>\n\n\n\n<div class=\"wp-block-group is-layout-flow wp-block-group-is-layout-flow\"><div class=\"wp-block-group__inner-container\">\n<p><em>Honra a tu padre y a tu madre<\/em>, orden\u00f3 Yahv\u00e9 en el Monte Sina\u00ed.<\/p>\n\n\n\n<p>Con su colecci\u00f3n de poemas <em>En el solsticio de verano, durante las lluvias vesperales<\/em>, Andrea Montiel rinde un sentido homenaje a su padre, el destacado compositor, pianista, director y pedagogo Armando Montiel Olvera (1916 -1989).<\/p>\n\n\n\n<p>Al&nbsp; tomar a los lectores de la mano, la autora nos conduce por el arduo recorrido de tres fases de la p\u00e9rdida: la inminencia de la muerte ineluctable, el doloroso desenlace y, finalmente, la a\u00f1oranza y el consuelo. &nbsp;<\/p>\n\n\n\n<p>Andrea Montiel nos habla de la angustia frente al lecho de su padre moribundo; del querer reconstruir una historia de vida a partir de jirones de recuerdos; de tratar de preservar cada palabra escuchada, cada consejo, cada instante compartido; de la desesperaci\u00f3n de saber que las oportunidades que se dejaron pasar se han ido para siempre. Nos recuerda el dolor de saber que la vida contin\u00faa mientras el ser querido, en su reposo final, se va alejando hacia el pasado. Y canta, en su muy personal voz po\u00e9tica, el consuelo hallado en la presencia del recuerdo en cada paso de la vida.<\/p>\n\n\n\n<p>Con este canto de amor y pena por la p\u00e9rdida del hombre que supo encauzarla por el camino de la vida, la poeta expresa no s\u00f3lo sus propios sentimientos: su voz da cuerpo a los del ser humano ante la muerte de un progenitor amado.<\/p>\n\n\n\n<p>Ra\u00fal Herrera M\u00e1rquez<\/p>\n\n\n\n<p>pianista, pedagogo,<\/p>\n\n\n\n<p>administrador cultural<\/p>\n\n\n\n<hr class=\"wp-block-separator\"\/>\n\n\n\n<p class=\"has-text-align-center\"><em>Fragmentos<\/em><\/p>\n<\/div><\/div>\n\n\n\n<p class=\"has-text-align-right\"><br><em>a mi padre<br>Armando Montiel Olvera<\/em><\/p>\n\n\n\n<p><strong>C<\/strong>on la mirada turbia observo la ternura<\/p>\n\n\n\n<p>con que mi padre carga la existencia<\/p>\n\n\n\n<p>y camino a su lado rasg\u00e1ndome los a\u00f1os<\/p>\n\n\n\n<p>para sentirme ni\u00f1a en su compa\u00f1\u00eda.<\/p>\n\n\n\n<p>Corro hacia las esquinas donde yace<\/p>\n\n\n\n<p>el recuerdo de sus ruidosas carcajadas<\/p>\n\n\n\n<p>de sus aceitunados ojos<\/p>\n\n\n\n<p>y ese cari\u00f1o oculto<\/p>\n\n\n\n<p>con que escogi\u00f3 mi nombre.<\/p>\n\n\n\n<p>Hoy me pregunto:<\/p>\n\n\n\n<p>\u00bfC\u00f3mo se ha desprendido la retina de sus d\u00edas?<\/p>\n\n\n\n<p>\u00bfPor qu\u00e9 no puede ya gozar<\/p>\n\n\n\n<p>el luminoso oficio de la primavera<\/p>\n\n\n\n<p>ni buscar los ventanales de sol en mis ojeras?<\/p>\n\n\n\n<p>\u00bfC\u00f3mo han podido anochecer tanto sus ma\u00f1anas<\/p>\n\n\n\n<p>y ha de luchar de esta manera con la niebla?<\/p>\n\n\n\n<p>\u00bfC\u00f3mo ha podido ser eso de que se va la vida?<\/p>\n\n\n\n<p>\u00bfC\u00f3mo?<\/p>\n\n\n\n<p>Padre,<\/p>\n\n\n\n<p>me duele tu mundo en sombras<\/p>\n\n\n\n<p>me duele sentir como se va el origen<\/p>\n\n\n\n<p>y mis ra\u00edces de esperanza.<\/p>\n\n\n\n<p>Qu\u00e9 las paredes escuchen este llanto<\/p>\n\n\n\n<p>qu\u00e9 se embarren mis l\u00e1grimas hasta deslavarlas.<\/p>\n\n\n\n<p>Qu\u00e9 estos muros sean testigos de mi dolor callado.<\/p>\n\n\n\n<p>No te vayas a\u00fan padre no te vayas<\/p>\n\n\n\n<p>hay mucho que conversar.<\/p>\n\n\n\n<p>Aunque las palabras no arriben a tu boca<\/p>\n\n\n\n<p>escuchar\u00e9 tu mirada.<\/p>\n\n\n\n<p>Con ella dime de ti<\/p>\n\n\n\n<p>de tus costumbres y secretos<\/p>\n\n\n\n<p>porque para m\u00ed fuiste un amor casi desconocido<\/p>\n\n\n\n<p>una tierra de luz inexplorada.<\/p>\n\n\n\n<p>No te vayas sin compartir conmigo tus memorias.<\/p>\n\n\n\n<p>Padre,<\/p>\n\n\n\n<p>con dos aes de Amor Armando<\/p>\n\n\n\n<p>tu nombre escribo.<\/p>\n\n\n\n<p>Con aes de ansias este dolor que cala mis huesos<\/p>\n\n\n\n<p>y mi todo de vida inexplicable.<\/p>\n\n\n\n<p>Tendida a tu lado me solidarizo<\/p>\n\n\n\n<p>para recibir tu muerte<\/p>\n\n\n\n<p>y a mi cuerpo le recorre un temblor<\/p>\n\n\n\n<p>imposible de nombrar con las palabras.<\/p>\n\n\n\n<p>Es como un sobresalto emparentado con el p\u00e1nico<\/p>\n\n\n\n<p>o esa parte terrible que tiene aguardar<\/p>\n\n\n\n<p>sin esperanza.<\/p>\n\n\n\n<p>Oscurezco tu cuarto y me asusta<\/p>\n\n\n\n<p>no sentir tu respiro<\/p>\n\n\n\n<p>alg\u00fan ruido de las s\u00e1banas<\/p>\n\n\n\n<p>o una de tus quejas que es caricia a mi o\u00eddo<\/p>\n\n\n\n<p>que clama por escuchar que a\u00fan est\u00e1s con vida.<\/p>\n\n\n\n<p>Padre,<\/p>\n\n\n\n<p>\u00bfpor qu\u00e9 llega el momento en que nos vamos?<\/p>\n\n\n\n<p>\u00bfpor qu\u00e9 el cuerpo nos descompone la estancia<\/p>\n\n\n\n<p>en el peque\u00f1o tiempo que nos prestan?<\/p>\n\n\n\n<p>Cu\u00e1nto ego\u00edsmo desear tenerte<\/p>\n\n\n\n<p>cuando t\u00fa hace tiempo que has partido.<\/p>\n\n\n\n<p>Cu\u00e1ntas ganas de estar aqu\u00ed tiene tu alma<\/p>\n\n\n\n<p>a\u00fan ya perdida la paz de tus entra\u00f1as.<\/p>\n\n\n\n<p>Son las tripas que de verdad se rompen por dentro<\/p>\n\n\n\n<p>cuando uno enferma.<\/p>\n\n\n\n<p>Padre,<\/p>\n\n\n\n<p>hoy no s\u00e9 qu\u00e9 decirte.<\/p>\n\n\n\n<p>Nunca he sabido.<\/p>\n\n\n\n<p>Mis ideas se confunden.<\/p>\n\n\n\n<p>El coraz\u00f3n no logra acomodarlas.<\/p>\n\n\n\n<p>Te reclamo:<\/p>\n\n\n\n<p>\u00bfpor qu\u00e9 te vas en esta forma<\/p>\n\n\n\n<p>llev\u00e1ndote todo el silencio entre tus manos<\/p>\n\n\n\n<p>esas manos de m\u00fasica y batutas<\/p>\n\n\n\n<p>que dieron luz a los teclados?.<\/p>\n\n\n\n<p>\u00a1Cont\u00e9stame padre<\/p>\n\n\n\n<p>con tu voz de truenos y de esc\u00e1ndalo!<\/p>\n\n\n\n<p>&#8220;Armando esc\u00e1ndalos&#8221; te llamaban<\/p>\n\n\n\n<p>ahora convertido en suavidad y en aire.<\/p>\n\n\n\n<p>\u00a1Qu\u00e9jate padre<\/p>\n\n\n\n<p>grita y mu\u00e9strame que a\u00fan puedo vivirte!<\/p>\n\n\n\n<p>no s\u00e9 si mejor fuera pedirle a Dios<\/p>\n\n\n\n<p>que logres el descanso<\/p>\n\n\n\n<p>eso que manda el cielo o el diablo<\/p>\n\n\n\n<p>\u00a1al diablo con todo esto!.<\/p>\n\n\n\n<p>Morir no es malo<\/p>\n\n\n\n<p>es s\u00f3lo morirse<\/p>\n\n\n\n<p>dejar esto llamado vida<\/p>\n\n\n\n<p>abandonar a los otros<\/p>\n\n\n\n<p>hasta que ellos se re\u00fanan con uno&#8230;<\/p>\n\n\n\n<p><em>En una g\u00f3ndola quiero atravesar el canal por donde las aguas tibias del mediod\u00eda se deslizan.&nbsp; La boca me sabe a miel al evocarte, a sonido de Dios, a pueblo peque\u00f1o y a teja cubierta por hojas reci\u00e9n ca\u00eddas de los \u00e1rboles.&nbsp; Me sabe a nostalgia de mundo, a calle que es posible caminar largo, a feria donde se juega al tiro al blanco y loter\u00edas.&nbsp; Me sabe a golosinas de colores y a misterio, a aquella saliva dulce que durante mi ni\u00f1ez ten\u00eda y tambi\u00e9n me sabe a llanto sin razones.&nbsp; A mi alrededor el aire destila santidad, esa santidad que se presenta cuando la muerte no llega, porque la vida est\u00e1 aferrada neciamente al cuerpo de mi padre.&nbsp; Este aire pesa como si fuera una lluvia de fuego.&nbsp; Desear\u00eda que toda hecha incendio se reuniera para prestarle el aliento&#8230;<\/em><\/p>\n\n\n\n<hr class=\"wp-block-separator\"\/>\n","protected":false},"excerpt":{"rendered":"<p>Nido de insomnes estas calles<br \/>\nque a mis carnes se abrazan y a mi miedo<br \/>\nde transitarlas sin rumbo.<br \/>\nPresiento que estas calles<br \/>\npodr\u00edan devorar mis huellas<br \/>\ny prefiero el tibio encierro de mi casa<br \/>\nguardarme bajo mi propia piel<br \/>\nhasta que el sue\u00f1o llegue y me transporte<br \/>\nal nebuloso mundo del silencio.<\/p>\n","protected":false},"author":2,"featured_media":2005,"comment_status":"closed","ping_status":"closed","sticky":false,"template":"","format":"standard","meta":{"footnotes":""},"categories":[39],"tags":[50,54,53,48,46,51,49,52,47],"aioseo_notices":[],"_links":{"self":[{"href":"https:\/\/andreamontiel.mx\/index.php?rest_route=\/wp\/v2\/posts\/2004"}],"collection":[{"href":"https:\/\/andreamontiel.mx\/index.php?rest_route=\/wp\/v2\/posts"}],"about":[{"href":"https:\/\/andreamontiel.mx\/index.php?rest_route=\/wp\/v2\/types\/post"}],"author":[{"embeddable":true,"href":"https:\/\/andreamontiel.mx\/index.php?rest_route=\/wp\/v2\/users\/2"}],"replies":[{"embeddable":true,"href":"https:\/\/andreamontiel.mx\/index.php?rest_route=%2Fwp%2Fv2%2Fcomments&post=2004"}],"version-history":[{"count":6,"href":"https:\/\/andreamontiel.mx\/index.php?rest_route=\/wp\/v2\/posts\/2004\/revisions"}],"predecessor-version":[{"id":2696,"href":"https:\/\/andreamontiel.mx\/index.php?rest_route=\/wp\/v2\/posts\/2004\/revisions\/2696"}],"wp:featuredmedia":[{"embeddable":true,"href":"https:\/\/andreamontiel.mx\/index.php?rest_route=\/wp\/v2\/media\/2005"}],"wp:attachment":[{"href":"https:\/\/andreamontiel.mx\/index.php?rest_route=%2Fwp%2Fv2%2Fmedia&parent=2004"}],"wp:term":[{"taxonomy":"category","embeddable":true,"href":"https:\/\/andreamontiel.mx\/index.php?rest_route=%2Fwp%2Fv2%2Fcategories&post=2004"},{"taxonomy":"post_tag","embeddable":true,"href":"https:\/\/andreamontiel.mx\/index.php?rest_route=%2Fwp%2Fv2%2Ftags&post=2004"}],"curies":[{"name":"wp","href":"https:\/\/api.w.org\/{rel}","templated":true}]}}