{"id":2364,"date":"2021-07-21T00:18:19","date_gmt":"2021-07-21T00:18:19","guid":{"rendered":"https:\/\/andreamontiel.mx\/?p=2364"},"modified":"2021-11-11T17:56:25","modified_gmt":"2021-11-11T17:56:25","slug":"pita-amor","status":"publish","type":"post","link":"https:\/\/andreamontiel.mx\/?p=2364","title":{"rendered":"PITA AMOR"},"content":{"rendered":"\n<h2 class=\"wp-block-heading\">caprichosa como la vida misma<\/h2>\n\n\n\n<p>* L\u00e8vres urbaines,\u00a0 Qu\u00e9bec, julio 2011<\/p>\n\n\n\n<div class=\"wp-block-group is-layout-flow wp-block-group-is-layout-flow\"><div class=\"wp-block-group__inner-container\">\n<p class=\"has-background\" style=\"background-color:#eeeeeb\">Conocer a Pita Amor fue algo inolvidable.\u00a0 La recuerdo cruzando la gran avenida de Reforma con su bast\u00f3n y un peinado con una flor inmensa sobre la cabeza. El bast\u00f3n era una especie de arma para detener a los coches y ayudarse a cruzar la calle hasta llegar de una acera a la otra. Entre paso y paso daba bastonazos, se paraba con todo el garbo, y deten\u00eda a los autom\u00f3viles para pasar ella primero.\u00a0 Hablaba sola y alzaba la voz gritando, <em>!alto, alto que est\u00e1 pasando Pita Amor!<\/em><br>Tambi\u00e9n la recuerdo una ocasi\u00f3n en alg\u00fan restaurante italiano de la Zona Rosa con toda la soberbia a cuestas mientras recitaba sus poemas frente a sus acompa\u00f1antes, en la mayor\u00eda caballeros. Yo estaba en otra mesa comiendo spaghetti y conversando con la familia. Pita, se atrevi\u00f3 a levantarse y dirigirse a nosotros call\u00e1ndonos porque, ante a ella, todos ten\u00edamos la obligaci\u00f3n de escuchar la declamaci\u00f3n exaltada de su poes\u00eda.<br>Despu\u00e9s de un tiempo, tuve la oportunidad de cruzar algunas palabras con ella en el conocido bar de Coyoac\u00e1n llamado &#8220;El H\u00e1bito&#8221; propiedad de las actrices y amigas Jesusa Rodr\u00edguez y Liliana Felipe, donde se representaban espect\u00e1culos imposibles de clasificar, ya que inclu\u00edan desde lo m\u00e1s elitista hasta lo masivo y popular; de la tragedia griega al cabaret; de los indios pre-colombinos a lo oper\u00edstico; del <em>revue<\/em>, <em>sketch<\/em>\u00a0 y &#8220;carpa&#8221;, hasta el performance con giros cr\u00edticos sobre algunos proyectos pol\u00edticos mexicanos del momento. Pita era una asidua asistente al bar, y pude hablar con ella, gracias a nuestra mutua amistad con Quico, Enrique Rodr\u00edguez, el hermano de Jesusa. Nuestra poeta lo apreciaba realmente por ser de su total confianza, y un gentil acompa\u00f1ante que la invitaba a salir y la llevaba a su casa despu\u00e9s de degustar una buena cena y alg\u00fan vinillo.\u00a0 De no ser as\u00ed, habr\u00eda sido imposible acercarse a Pita, pues en esa \u00e9poca, y hablo de los a\u00f1os ochentas, no le gustaba hablar con nadie, y mucho menos permit\u00eda que la tocaran.<br>De personalidad avasalladora y dif\u00edcil, Pita era una mujer llena de versos y de frases casi c\u00e9lebres que le dec\u00eda a medio mundo:\u00a0 a Jesusa Rodr\u00edguez: <em>\u00a1Eres b\u00e1rbara! \u00a1Mejor que Chaplin! <\/em>\u00a0A la actriz Patricia Reyes Esp\u00edndola mientras actuaba durante la representaci\u00f3n de alguna obra de teatro: <em>\u00a1Patricia, baja de ese escenario inmediatamente! Esta obra es para tarados, no te merece. \u00a1B\u00e1jate Patricia o yo voy a subir al escenario! <\/em>\u00a0A los taxistas y meseros les gritaba sin consideraci\u00f3n alguna: <em>\u00a1Changos, narices de mango, enanos guatemaltecos! <\/em>Incluso en el mundialmente conocido sismo de 1985, y en medio de la espantosa destrucci\u00f3n del Distrito Federal en M\u00e9xico, cuando se le pregunt\u00f3 su opini\u00f3n dijo:\u00a0 <em>\u00a1Qu\u00e9 bueno! \u00a1Es una poda de nacos!\u00a0 <\/em>Esta era Pita Amor, &#8220;de armas tomar&#8221;, tanto, que algunos la apodaban:\u00a0 &#8221;la abuelita de Batman&#8221;.<br>Y cuando a Quico le daba por preguntar:\u00a0 &#8211; \u00bfy t\u00fa, qu\u00e9 edad tienes? Pita a gritos le contestaba:\u00a0 <em>!Grosero, preguntar eso a una dama, tengo 1984, m\u00e1s la Grecia que me quito!<\/em>\u2026\u00a0 &#8211; \u00bfTienes alg\u00fan doctorado? &#8211; <em>\u00a1Qu\u00e9 doctorado ni que nada!\u00a0 yo soy la Universidad, t\u00fa tienes tiempo de cultivarte, los artistas no tenemos tiempo de cultivarnos, \u00a1los artistas somos la cultura!<\/em><br>Cuando la invitaba a comer al Restaurante Prendes, no dudaba un segundo en golpear a los meseros para que se quitaran de enfrente y la dejaran pasar: <em>\u00a1no soporto a los meseros chaparros y calvos! <\/em>Y el pan era convertido en migajas que quedaban derramadas a su alredor y regadas sobre el suelo.\u00a0 Todo el mundo sab\u00eda entonces: &#8220;aqu\u00ed comi\u00f3 Pita Amor&#8221;.<br>Seg\u00fan me cont\u00f3 Quico, durante los a\u00f1os ochentas, Pita viv\u00eda en la calle de Bucareli, en un bello edificio del siglo XIX. La construcci\u00f3n estaba semidestruida y no serv\u00eda el elevador. Su peque\u00f1o departamento estaba en la azotea, y para llegar, era necesario ascender un buen trecho de escaleras en forma de caracol. Al subir y bajar aquellas escalinatas, Pita siempre dec\u00eda: <em>!c\u00e1llate y ag\u00e1rrate del barandal, as\u00ed debe ser, subir y no hablar, nunca se debe parlotear cuando subes o bajas por un barandal!<\/em>\u00a0 Y claro, la costumbre de no abrir la boca al toparse con unas escaleras, se le qued\u00f3 bien grabada a Quico, as\u00ed como el recuerdo de Pita quien, cada vez que bajaba la escalera y llegaba al descanso, se deten\u00eda para recitar un poema. Dec\u00eda sus versos por todas partes, y todo el tiempo <em>se los regalaba al aire<\/em>\u2026 Y a prop\u00f3sito de esta an\u00e9cdota de escaleras recuerdo el poema escrito por Jesusa y Liliana:<\/p>\n<\/div><\/div>\n\n\n\n<div class=\"wp-block-columns is-layout-flex wp-container-core-columns-layout-1 wp-block-columns-is-layout-flex\">\n<div class=\"wp-block-column is-layout-flow wp-block-column-is-layout-flow\"><\/div>\n\n\n\n<div class=\"wp-block-column is-layout-flow wp-block-column-is-layout-flow\" style=\"flex-basis:950px\">\n<pre class=\"wp-block-verse\"><strong>EN EL ABISMO DE PITA AMOR <\/strong>\r\n\nEn el abismo donde habitan mudos\r\ntu voz, tu voz, tu voz, tu voz, tu voz,\r\ntu inteligencia cruel desata el nudo\r\ntu coraz\u00f3n brutal, tus ojos dos. \r\n\nEn el abismo de las escaleras\r\nanda, andar, andar y qu\u00e9 m\u00e1s da,\r\nsi tu zapato es fiel y tus ojeras\r\nmejor so\u00f1ar, mejor no averiguar.\r\n\nUn escal\u00f3n, otro escal\u00f3n\r\ny en el descanso alg\u00fan soneto, \r\nllega discreto, llega y se va. \r\n\nDos mil sonetos, novecientas liras,\r\nen el abismo de versificar,\r\nhasta el espejo que en silencio mira,\r\ndir\u00eda tus versos si pudiera hablar.\r\n\nLa superficie de mercurio inmemorial,\r\nremedo de objetos, sabe secretos que no dir\u00e1. \r\n\nEn el abismo de tantas mentiras,\r\ndecir verdades suena demencial:\r\n\"Menesterosos, jueces adiposos, locos ambiciosos, \r\namantes miedosos, poetas banales, vicios ancestrales, \r\npecados veniales, enga\u00f1os enormes y municipales\". \r\n\nEn tus abismos de versos de liras\r\nen tu apellido Amor, en ti poes\u00eda,\r\ntres mil sonetos, mil quinientas liras,\r\nnecesitamos Pita todav\u00eda. \r\n<\/pre>\n<\/div>\n\n\n\n<div class=\"wp-block-column is-layout-flow wp-block-column-is-layout-flow\"><\/div>\n<\/div>\n\n\n\n<p class=\"has-background\" style=\"background-color:#eeeeeb\">Aquel peque\u00f1o departamento de Pita estaba cubierto por capas de polvo interminables, tal vez eran los recuerdos y momentos de intensidad vividos durante toda su vida.\u00a0 Esa infinidad de part\u00edculas seguramente fueron a las que, muchos a\u00f1os antes en el a\u00f1o 1949, elogi\u00f3 en su libro <em>Polvo <\/em>al decirnos:<\/p>\n\n\n\n<pre class=\"wp-block-verse has-text-align-left\">Me siento naufragando,\r\nla marea de polvo me ha invadido.\r\nSi me estaba quemando,\r\nhoy he reconocido\r\nque no ser es mi aut\u00e9ntico sentido.\r\n\r\nPolvo, t\u00fa eres la meta\r\ny el cenizo trayecto de las cosas.\r\nTodo en ti se concreta,\r\ny eternamente acosas\r\nlos t\u00e1lamos las cunas y las fosas.\r\n<\/pre>\n\n\n\n<p class=\"has-background\" style=\"background-color:#eeeeeb\">\u00bfC\u00f3mo definir, describir, dibujar, decir a Pita Amor, a aquella mujer extra\u00f1a y controversial que desnud\u00f3 su cuerpo y su alma para verterla sobre las p\u00e1ginas de sus libros; a aquella mujer bella, mujer esc\u00e1ndalo, privilegiada y caprichosa como la vida misma; mujer tan enamorada de su persona que no pudo amar a otro; Pita &#8220;la reina de la noche&#8221;; Pita su propia casa habitando un mundo que le fue ajeno; Pita quien con delirio le cant\u00f3 a Dios, a la muerte, a la locura, a la angustia, a lo oscuro, a la nada? C\u00f3mo definirla sino con sus propias palabras, con los versos que supieron describirla sin titubeos en su poema:<\/p>\n\n\n\n<div class=\"wp-block-columns is-layout-flex wp-container-core-columns-layout-2 wp-block-columns-is-layout-flex\">\n<div class=\"wp-block-column is-layout-flow wp-block-column-is-layout-flow\"><\/div>\n\n\n\n<div class=\"wp-block-column is-layout-flow wp-block-column-is-layout-flow\" style=\"flex-basis:950px\">\n<pre class=\"wp-block-verse\">Letan\u00eda de mis defectos \r\n\r\nSoy vanidosa, d\u00e9spota, blasfema; \r\nsoberbia, altiva, ingrata, desde\u00f1osa; \r\npero conservo a\u00fan la tez de rosa. \r\nLa lumbre del infierno a m\u00ed me quema. \r\nEs de cristal cortado mi sistema. \r\nSoy eg\u00f3latra, fr\u00eda, tumultuosa. \r\nMe quiebro como fr\u00e1gil mariposa. \r\nYo misma he construido mi anatema. \r\nSoy perversa, malvada, vengativa. \r\nEs prestada mi sangre y fugitiva. \r\nMis pensamientos son muy taciturnos. \r\nMis sue\u00f1os de pecado son nocturnos. \r\nSoy hist\u00e9rica, loca, desquiciada; \r\npero a la eternidad ya sentenciada. \r\n \n<\/pre>\n<\/div>\n\n\n\n<div class=\"wp-block-column is-layout-flow wp-block-column-is-layout-flow\"><\/div>\n<\/div>\n\n\n\n<div class=\"wp-block-group has-background is-layout-flow wp-block-group-is-layout-flow\" style=\"background-color:#eeeeeb\"><div class=\"wp-block-group__inner-container\">\n<p>Esta era\u2026&nbsp;&nbsp; esta es la poeta mexicana:&nbsp; Pita Amor<\/p>\n\n\n\n<p class=\"has-text-align-right\"><strong>Andrea Montiel<\/strong><\/p>\n\n\n\n<p class=\"has-text-align-right\">(Texto para la revista quebequense <em>L\u00e8vres urbaines<\/em>,<\/p>\n\n\n\n<p class=\"has-text-align-right\">dirigida por Claude Beausoleil, dedicada a la poeta mexicana<\/p>\n\n\n\n<p class=\"has-text-align-right\">y traducido al&nbsp; franc\u00e9s para su publicaci\u00f3n en Qu\u00e9bec, julio 2011)<\/p>\n<\/div><\/div>\n\n\n\n<hr class=\"wp-block-separator\"\/>\n\n\n\n<figure class=\"wp-block-gallery columns-2 is-cropped wp-block-gallery-1 is-layout-flex wp-block-gallery-is-layout-flex\"><ul class=\"blocks-gallery-grid\"><li class=\"blocks-gallery-item\"><figure><img loading=\"lazy\" decoding=\"async\" width=\"684\" height=\"1024\" src=\"https:\/\/andreamontiel.mx\/wp-content\/uploads\/2021\/07\/LEVRES-URBAINES-Pita-Amor-copia-684x1024.jpg\" alt=\"\" data-id=\"2365\" data-link=\"https:\/\/andreamontiel.mx\/?attachment_id=2365\" class=\"wp-image-2365\" srcset=\"https:\/\/andreamontiel.mx\/wp-content\/uploads\/2021\/07\/LEVRES-URBAINES-Pita-Amor-copia-684x1024.jpg 684w, https:\/\/andreamontiel.mx\/wp-content\/uploads\/2021\/07\/LEVRES-URBAINES-Pita-Amor-copia-201x300.jpg 201w, https:\/\/andreamontiel.mx\/wp-content\/uploads\/2021\/07\/LEVRES-URBAINES-Pita-Amor-copia-768x1149.jpg 768w, https:\/\/andreamontiel.mx\/wp-content\/uploads\/2021\/07\/LEVRES-URBAINES-Pita-Amor-copia-1027x1536.jpg 1027w, https:\/\/andreamontiel.mx\/wp-content\/uploads\/2021\/07\/LEVRES-URBAINES-Pita-Amor-copia-600x898.jpg 600w, https:\/\/andreamontiel.mx\/wp-content\/uploads\/2021\/07\/LEVRES-URBAINES-Pita-Amor-copia.jpg 1183w\" sizes=\"(max-width: 684px) 100vw, 684px\" \/><\/figure><\/li><li class=\"blocks-gallery-item\"><figure><img loading=\"lazy\" decoding=\"async\" width=\"680\" height=\"1024\" src=\"https:\/\/andreamontiel.mx\/wp-content\/uploads\/2021\/07\/LEVRES-URBAINES-contraportada-copia-680x1024.jpg\" alt=\"\" data-id=\"2366\" data-full-url=\"https:\/\/andreamontiel.mx\/wp-content\/uploads\/2021\/07\/LEVRES-URBAINES-contraportada-copia.jpg\" data-link=\"https:\/\/andreamontiel.mx\/?attachment_id=2366\" class=\"wp-image-2366\" srcset=\"https:\/\/andreamontiel.mx\/wp-content\/uploads\/2021\/07\/LEVRES-URBAINES-contraportada-copia-680x1024.jpg 680w, https:\/\/andreamontiel.mx\/wp-content\/uploads\/2021\/07\/LEVRES-URBAINES-contraportada-copia-199x300.jpg 199w, https:\/\/andreamontiel.mx\/wp-content\/uploads\/2021\/07\/LEVRES-URBAINES-contraportada-copia-768x1157.jpg 768w, https:\/\/andreamontiel.mx\/wp-content\/uploads\/2021\/07\/LEVRES-URBAINES-contraportada-copia-1020x1536.jpg 1020w, https:\/\/andreamontiel.mx\/wp-content\/uploads\/2021\/07\/LEVRES-URBAINES-contraportada-copia-600x904.jpg 600w, https:\/\/andreamontiel.mx\/wp-content\/uploads\/2021\/07\/LEVRES-URBAINES-contraportada-copia.jpg 1189w\" sizes=\"(max-width: 680px) 100vw, 680px\" \/><\/figure><\/li><\/ul><\/figure>\n","protected":false},"excerpt":{"rendered":"<p>caprichosa como la vida misma * L\u00e8vres urbaines,\u00a0 Qu\u00e9bec, julio 2011 Conocer a Pita Amor fue algo inolvidable.\u00a0 La recuerdo cruzando la gran avenida de Reforma con su bast\u00f3n y un peinado con una flor inmensa sobre la cabeza. El bast\u00f3n era una especie de arma para detener a los coches y ayudarse a cruzar [&hellip;]<\/p>\n","protected":false},"author":2,"featured_media":2365,"comment_status":"closed","ping_status":"closed","sticky":false,"template":"","format":"standard","meta":{"footnotes":""},"categories":[29,22],"tags":[50,54,53,48,46,51,49,52,47],"aioseo_notices":[],"_links":{"self":[{"href":"https:\/\/andreamontiel.mx\/index.php?rest_route=\/wp\/v2\/posts\/2364"}],"collection":[{"href":"https:\/\/andreamontiel.mx\/index.php?rest_route=\/wp\/v2\/posts"}],"about":[{"href":"https:\/\/andreamontiel.mx\/index.php?rest_route=\/wp\/v2\/types\/post"}],"author":[{"embeddable":true,"href":"https:\/\/andreamontiel.mx\/index.php?rest_route=\/wp\/v2\/users\/2"}],"replies":[{"embeddable":true,"href":"https:\/\/andreamontiel.mx\/index.php?rest_route=%2Fwp%2Fv2%2Fcomments&post=2364"}],"version-history":[{"count":1,"href":"https:\/\/andreamontiel.mx\/index.php?rest_route=\/wp\/v2\/posts\/2364\/revisions"}],"predecessor-version":[{"id":2367,"href":"https:\/\/andreamontiel.mx\/index.php?rest_route=\/wp\/v2\/posts\/2364\/revisions\/2367"}],"wp:featuredmedia":[{"embeddable":true,"href":"https:\/\/andreamontiel.mx\/index.php?rest_route=\/wp\/v2\/media\/2365"}],"wp:attachment":[{"href":"https:\/\/andreamontiel.mx\/index.php?rest_route=%2Fwp%2Fv2%2Fmedia&parent=2364"}],"wp:term":[{"taxonomy":"category","embeddable":true,"href":"https:\/\/andreamontiel.mx\/index.php?rest_route=%2Fwp%2Fv2%2Fcategories&post=2364"},{"taxonomy":"post_tag","embeddable":true,"href":"https:\/\/andreamontiel.mx\/index.php?rest_route=%2Fwp%2Fv2%2Ftags&post=2364"}],"curies":[{"name":"wp","href":"https:\/\/api.w.org\/{rel}","templated":true}]}}