{"id":2505,"date":"2021-10-30T21:09:16","date_gmt":"2021-10-30T21:09:16","guid":{"rendered":"https:\/\/andreamontiel.mx\/?p=2505"},"modified":"2021-11-11T17:54:08","modified_gmt":"2021-11-11T17:54:08","slug":"desde-el-olvido","status":"publish","type":"post","link":"https:\/\/andreamontiel.mx\/?p=2505","title":{"rendered":"Desde el olvido"},"content":{"rendered":"\n<figure class=\"wp-block-image size-large is-style-default\"><img loading=\"lazy\" decoding=\"async\" width=\"964\" height=\"1024\" src=\"https:\/\/andreamontiel.mx\/wp-content\/uploads\/2021\/10\/01-1Copia-de-PORTADA-DESDE-EL-OLVIDO-964x1024.jpg\" alt=\"\" class=\"wp-image-2506\" srcset=\"https:\/\/andreamontiel.mx\/wp-content\/uploads\/2021\/10\/01-1Copia-de-PORTADA-DESDE-EL-OLVIDO-964x1024.jpg 964w, https:\/\/andreamontiel.mx\/wp-content\/uploads\/2021\/10\/01-1Copia-de-PORTADA-DESDE-EL-OLVIDO-282x300.jpg 282w, https:\/\/andreamontiel.mx\/wp-content\/uploads\/2021\/10\/01-1Copia-de-PORTADA-DESDE-EL-OLVIDO-768x816.jpg 768w, https:\/\/andreamontiel.mx\/wp-content\/uploads\/2021\/10\/01-1Copia-de-PORTADA-DESDE-EL-OLVIDO-1446x1536.jpg 1446w, https:\/\/andreamontiel.mx\/wp-content\/uploads\/2021\/10\/01-1Copia-de-PORTADA-DESDE-EL-OLVIDO-600x638.jpg 600w, https:\/\/andreamontiel.mx\/wp-content\/uploads\/2021\/10\/01-1Copia-de-PORTADA-DESDE-EL-OLVIDO.jpg 1616w\" sizes=\"(max-width: 964px) 100vw, 964px\" \/><\/figure>\n\n\n\n<hr class=\"wp-block-separator\"\/>\n\n\n\n<p><strong>DESDE EL OLVIDO<\/strong><\/p>\n\n\n\n<p><strong>Andrea Montiel<\/strong><\/p>\n\n\n\n<p><em>a mi madre<\/em><\/p>\n\n\n\n<p><em>Rosa Rimoch<\/em><\/p>\n\n\n\n<p class=\"has-text-align-center\"><em>(fragmentos)<\/em><\/p>\n\n\n\n<p>Piso un camino de mieles<br>mis recuerdos se derriten<br>en la cera de las abejas<\/p>\n\n\n\n<p>           retorno a los espejos que reflejan<br>           la imagen de otro tiempo.<\/p>\n\n\n\n<p>Soy ni\u00f1a<br>reci\u00e9n existo<br>con este aliento el aire me dibuja<br>y sueno como una casta\u00f1uela rota.<\/p>\n\n\n\n<p>Mis cabellos bailan<br>trotan<br>potros nocturnos<br>entre las estrellas.<\/p>\n\n\n\n<p>Veo las rosas<br>todas revientan<br>dando a luz<br>el nombre de mi madre\u2026<\/p>\n\n\n\n<p><strong>***<\/strong><\/p>\n\n\n\n<p>Mujer ni\u00f1a de nadie<br>hija de la guerra<br>perseguida por la muerte.<\/p>\n\n\n\n<p>Mujer libre&nbsp;&nbsp; andarina<br>due\u00f1a de tus sue\u00f1os<br>y el templo de tu alma.<\/p>\n\n\n\n<p>Naciste con luz del candelabro de los siete brazos<br>y por a\u00f1os te guiaron las seis puntas de la estrella de David.<\/p>\n\n\n\n<p>La m\u00fasica encauz\u00f3 tu vida<br>tu voz<br>tus manos tenues<br>y Cristo clavado en tu mirada se conjug\u00f3 a tu origen.<\/p>\n\n\n\n<p>Mujer nombre de flor<\/p>\n\n\n\n<p>bendigo tu linaje<br>            tu atrevimiento de amar sin concesiones<\/p>\n\n\n\n<p>y darme albor con tu tersura<br>                                y vida con tu vida \u2026<\/p>\n\n\n\n<p>***<\/p>\n\n\n\n<p>Mi madre <em>Rosa<\/em> es como la hija que no tuve.<\/p>\n\n\n\n<p>Dulce mujer de terciopelo<br>infanta desprotegida<br>a quien cuido como flor en bot\u00f3n.<\/p>\n\n\n\n<p>Madre una de la otra<br>c\u00f3mplices<br>trotamundos de sue\u00f1os<br>que los astros nos predestinaron.<\/p>\n\n\n\n<p>De ella nac\u00ed<br>y morir\u00e1 sin m\u00ed<br>con esa lenta muerte que amortigua mi dolor.<\/p>\n\n\n\n<p>Compa\u00f1era de pasos<br>de tu voz a\u00e9rea como el vuelo de las aves<br>secuaz de tus delirios&nbsp;<br>madre<br>hermana<br>hija<\/p>\n\n\n\n<p>mi ser te ama<br>como el poema<br>                        ama<br>                            a la poes\u00eda\u2026<\/p>\n\n\n\n<p><strong>***<\/strong><strong><\/strong><\/p>\n\n\n\n<p>Si yo te contara&nbsp;&nbsp;&nbsp; madre<br>cu\u00e1nto dolor me has heredado<br>cu\u00e1nta oquedad percibo entre los seres.<\/p>\n\n\n\n<p>Madre<br>tu carne en m\u00ed se ha prolongado<br>pero tambi\u00e9n la pena de sabernos<br>a todos tan distantes.<\/p>\n\n\n\n<p>Cuando de ni\u00f1a me prestabas tus ojos<br>aprend\u00ed a caminar por tus recuerdos<br>a deshilar el manto de tus sue\u00f1os.<\/p>\n\n\n\n<p>Y sabes&nbsp;&nbsp;&nbsp;<br>nos parecemos desde siempre<br>aunque los a\u00f1os nos separen.<\/p>\n\n\n\n<p>Tu rostro<br>es el espejo donde podr\u00e9 mirar<br>mi ancianidad de alg\u00fan ma\u00f1ana.<\/p>\n\n\n\n<p>Tus manos<br>las manos que mantuvieron mis pasos<br>por el tiempo.<\/p>\n\n\n\n<p>Tu voz<br>la voz m\u00fasica en palabras que hoy grabo<br>con tinta en mis papeles.<\/p>\n\n\n\n<p>Somos lo mismo&nbsp;&nbsp;&nbsp; madre<br>mujeres en medio de la nada<br>pariendo hijos<br>estrellas<br>llanto.<\/p>\n\n\n\n<p>Somos el fuego de una tarde<br>en que la muerte vendr\u00e1<br>para llevarnos.<\/p>\n\n\n\n<p>Tambi\u00e9n quisiera contarte&nbsp;&nbsp;&nbsp; madre<br>de toda esta vida que t\u00fa me has heredado<br>del gozo inexplicable que a mis ojos le cabe<br>cuando miro la luna<br>el mar<br>las telara\u00f1as<br>o cuando mi piel se eriza pudorosa.<\/p>\n\n\n\n<p>Por ti&nbsp;&nbsp;&nbsp;<br>conozco la fiebre del deseo<br>la candidez y la nostalgia.<\/p>\n\n\n\n<p>Por ti fui condenada<br>a sobrevivir con esperanza<br>y con esta soledad<br>que todo lo acompa\u00f1a.<\/p>\n\n\n\n<p>T\u00fa bien sabes<br>de esas sorpresas con que tu canto<br>despert\u00f3 mis sienes<br>aliment\u00e1ndome las fantas\u00edas<br>creciendo en mis o\u00eddos hasta escuchar<br>al Dios que tanto negu\u00e9<br>por el camino.<\/p>\n\n\n\n<p>Y me dejaste libre<br>al albedr\u00edo helado de mis d\u00edas.<\/p>\n\n\n\n<p>Y me dejaste sorda<br>con tu voz que aprisionaba las magnolias<br>en aquellos jardines que siempre quise<br>cultivar con mis no hermanos.<\/p>\n\n\n\n<p>Ay madre si yo te contara<br>\u00a1cu\u00e1nto he caminado!<\/p>\n\n\n\n<p>Y en el trayecto donde t\u00fa me iniciaste<br>sola<br>encontr\u00e9 razones<br>sin sentidos<br>verdades a medias<br>mentiras<br>mi alma escandalosa<br>amor<br>distancias<br>ansiedad ilimitada.<\/p>\n\n\n\n<p>Hoy sola<br>sigo encontrando s\u00f3lo preguntas<br>pasos lentos<br>respuestas silenciosas<br>y tu&nbsp; mejor herencia&nbsp;&nbsp;&nbsp; madre<br>la deliciosa e inagotable incertidumbre<br>de mis sue\u00f1os&#8230;<\/p>\n","protected":false},"excerpt":{"rendered":"<p>DESDE EL OLVIDO Andrea Montiel a mi madre Rosa Rimoch (fragmentos) Piso un camino de mielesmis recuerdos se derritenen la cera de las abejas retorno a los espejos que reflejan la imagen de otro tiempo. Soy ni\u00f1areci\u00e9n existocon este aliento el aire me dibujay sueno como una casta\u00f1uela rota. Mis cabellos bailantrotanpotros nocturnosentre las estrellas. [&hellip;]<\/p>\n","protected":false},"author":2,"featured_media":2506,"comment_status":"closed","ping_status":"closed","sticky":false,"template":"","format":"standard","meta":{"footnotes":""},"categories":[39],"tags":[50,54,53,48,46,51,49,52,47],"aioseo_notices":[],"_links":{"self":[{"href":"https:\/\/andreamontiel.mx\/index.php?rest_route=\/wp\/v2\/posts\/2505"}],"collection":[{"href":"https:\/\/andreamontiel.mx\/index.php?rest_route=\/wp\/v2\/posts"}],"about":[{"href":"https:\/\/andreamontiel.mx\/index.php?rest_route=\/wp\/v2\/types\/post"}],"author":[{"embeddable":true,"href":"https:\/\/andreamontiel.mx\/index.php?rest_route=\/wp\/v2\/users\/2"}],"replies":[{"embeddable":true,"href":"https:\/\/andreamontiel.mx\/index.php?rest_route=%2Fwp%2Fv2%2Fcomments&post=2505"}],"version-history":[{"count":2,"href":"https:\/\/andreamontiel.mx\/index.php?rest_route=\/wp\/v2\/posts\/2505\/revisions"}],"predecessor-version":[{"id":2691,"href":"https:\/\/andreamontiel.mx\/index.php?rest_route=\/wp\/v2\/posts\/2505\/revisions\/2691"}],"wp:featuredmedia":[{"embeddable":true,"href":"https:\/\/andreamontiel.mx\/index.php?rest_route=\/wp\/v2\/media\/2506"}],"wp:attachment":[{"href":"https:\/\/andreamontiel.mx\/index.php?rest_route=%2Fwp%2Fv2%2Fmedia&parent=2505"}],"wp:term":[{"taxonomy":"category","embeddable":true,"href":"https:\/\/andreamontiel.mx\/index.php?rest_route=%2Fwp%2Fv2%2Fcategories&post=2505"},{"taxonomy":"post_tag","embeddable":true,"href":"https:\/\/andreamontiel.mx\/index.php?rest_route=%2Fwp%2Fv2%2Ftags&post=2505"}],"curies":[{"name":"wp","href":"https:\/\/api.w.org\/{rel}","templated":true}]}}