{"id":2508,"date":"2021-10-30T21:16:57","date_gmt":"2021-10-30T21:16:57","guid":{"rendered":"https:\/\/andreamontiel.mx\/?p=2508"},"modified":"2021-11-11T17:55:21","modified_gmt":"2021-11-11T17:55:21","slug":"kadish-en-tres-tempos","status":"publish","type":"post","link":"https:\/\/andreamontiel.mx\/?p=2508","title":{"rendered":"Kadish en tres tempos"},"content":{"rendered":"\n<div class=\"wp-block-group is-layout-flow wp-block-group-is-layout-flow\"><div class=\"wp-block-group__inner-container\">\n<figure class=\"wp-block-gallery columns-3 is-cropped wp-block-gallery-1 is-layout-flex wp-block-gallery-is-layout-flex\"><ul class=\"blocks-gallery-grid\"><li class=\"blocks-gallery-item\"><figure><img loading=\"lazy\" decoding=\"async\" width=\"964\" height=\"1024\" src=\"http:\/\/andreamontiel.mx\/wp-content\/uploads\/2021\/10\/01-1Copia-de-PORTADA-DESDE-EL-OLVIDO-964x1024.jpg\" alt=\"\" data-id=\"2506\" data-link=\"https:\/\/andreamontiel.mx\/?attachment_id=2506\" class=\"wp-image-2506\" srcset=\"https:\/\/andreamontiel.mx\/wp-content\/uploads\/2021\/10\/01-1Copia-de-PORTADA-DESDE-EL-OLVIDO-964x1024.jpg 964w, https:\/\/andreamontiel.mx\/wp-content\/uploads\/2021\/10\/01-1Copia-de-PORTADA-DESDE-EL-OLVIDO-282x300.jpg 282w, https:\/\/andreamontiel.mx\/wp-content\/uploads\/2021\/10\/01-1Copia-de-PORTADA-DESDE-EL-OLVIDO-768x816.jpg 768w, https:\/\/andreamontiel.mx\/wp-content\/uploads\/2021\/10\/01-1Copia-de-PORTADA-DESDE-EL-OLVIDO-1446x1536.jpg 1446w, https:\/\/andreamontiel.mx\/wp-content\/uploads\/2021\/10\/01-1Copia-de-PORTADA-DESDE-EL-OLVIDO-600x638.jpg 600w, https:\/\/andreamontiel.mx\/wp-content\/uploads\/2021\/10\/01-1Copia-de-PORTADA-DESDE-EL-OLVIDO.jpg 1616w\" sizes=\"(max-width: 964px) 100vw, 964px\" \/><\/figure><\/li><li class=\"blocks-gallery-item\"><figure><img loading=\"lazy\" decoding=\"async\" width=\"1024\" height=\"776\" src=\"http:\/\/andreamontiel.mx\/wp-content\/uploads\/2021\/10\/solstverano2014-1024x776.jpg\" alt=\"\" data-id=\"2503\" data-link=\"https:\/\/andreamontiel.mx\/?attachment_id=2503\" class=\"wp-image-2503\" srcset=\"https:\/\/andreamontiel.mx\/wp-content\/uploads\/2021\/10\/solstverano2014-1024x776.jpg 1024w, https:\/\/andreamontiel.mx\/wp-content\/uploads\/2021\/10\/solstverano2014-300x227.jpg 300w, https:\/\/andreamontiel.mx\/wp-content\/uploads\/2021\/10\/solstverano2014-768x582.jpg 768w, https:\/\/andreamontiel.mx\/wp-content\/uploads\/2021\/10\/solstverano2014-1536x1164.jpg 1536w, https:\/\/andreamontiel.mx\/wp-content\/uploads\/2021\/10\/solstverano2014-2048x1552.jpg 2048w, https:\/\/andreamontiel.mx\/wp-content\/uploads\/2021\/10\/solstverano2014-600x455.jpg 600w\" sizes=\"(max-width: 1024px) 100vw, 1024px\" \/><\/figure><\/li><li class=\"blocks-gallery-item\"><figure><img loading=\"lazy\" decoding=\"async\" width=\"1024\" height=\"803\" src=\"http:\/\/andreamontiel.mx\/wp-content\/uploads\/2021\/10\/03-1copia-portadas-PARA-RECORDAR-LA-LLUVIA--1024x803.jpg\" alt=\"\" data-id=\"2499\" data-link=\"https:\/\/andreamontiel.mx\/?attachment_id=2499\" class=\"wp-image-2499\" srcset=\"https:\/\/andreamontiel.mx\/wp-content\/uploads\/2021\/10\/03-1copia-portadas-PARA-RECORDAR-LA-LLUVIA--1024x803.jpg 1024w, https:\/\/andreamontiel.mx\/wp-content\/uploads\/2021\/10\/03-1copia-portadas-PARA-RECORDAR-LA-LLUVIA--300x235.jpg 300w, https:\/\/andreamontiel.mx\/wp-content\/uploads\/2021\/10\/03-1copia-portadas-PARA-RECORDAR-LA-LLUVIA--768x602.jpg 768w, https:\/\/andreamontiel.mx\/wp-content\/uploads\/2021\/10\/03-1copia-portadas-PARA-RECORDAR-LA-LLUVIA--1536x1205.jpg 1536w, https:\/\/andreamontiel.mx\/wp-content\/uploads\/2021\/10\/03-1copia-portadas-PARA-RECORDAR-LA-LLUVIA--600x471.jpg 600w, https:\/\/andreamontiel.mx\/wp-content\/uploads\/2021\/10\/03-1copia-portadas-PARA-RECORDAR-LA-LLUVIA-.jpg 2035w\" sizes=\"(max-width: 1024px) 100vw, 1024px\" \/><\/figure><\/li><li class=\"blocks-gallery-item\"><figure><img loading=\"lazy\" decoding=\"async\" width=\"791\" height=\"1024\" src=\"https:\/\/andreamontiel.mx\/wp-content\/uploads\/2021\/10\/04-2Copia-de-INVITACION-diseno-de-ANDREA-MONTIEL-JPG-__-1-1-791x1024.jpg\" alt=\"\" data-id=\"2511\" data-full-url=\"https:\/\/andreamontiel.mx\/wp-content\/uploads\/2021\/10\/04-2Copia-de-INVITACION-diseno-de-ANDREA-MONTIEL-JPG-__-1-1.jpg\" data-link=\"https:\/\/andreamontiel.mx\/?attachment_id=2511\" class=\"wp-image-2511\" srcset=\"https:\/\/andreamontiel.mx\/wp-content\/uploads\/2021\/10\/04-2Copia-de-INVITACION-diseno-de-ANDREA-MONTIEL-JPG-__-1-1-791x1024.jpg 791w, https:\/\/andreamontiel.mx\/wp-content\/uploads\/2021\/10\/04-2Copia-de-INVITACION-diseno-de-ANDREA-MONTIEL-JPG-__-1-1-232x300.jpg 232w, https:\/\/andreamontiel.mx\/wp-content\/uploads\/2021\/10\/04-2Copia-de-INVITACION-diseno-de-ANDREA-MONTIEL-JPG-__-1-1-768x994.jpg 768w, https:\/\/andreamontiel.mx\/wp-content\/uploads\/2021\/10\/04-2Copia-de-INVITACION-diseno-de-ANDREA-MONTIEL-JPG-__-1-1-1187x1536.jpg 1187w, https:\/\/andreamontiel.mx\/wp-content\/uploads\/2021\/10\/04-2Copia-de-INVITACION-diseno-de-ANDREA-MONTIEL-JPG-__-1-1-1583x2048.jpg 1583w, https:\/\/andreamontiel.mx\/wp-content\/uploads\/2021\/10\/04-2Copia-de-INVITACION-diseno-de-ANDREA-MONTIEL-JPG-__-1-1-600x776.jpg 600w, https:\/\/andreamontiel.mx\/wp-content\/uploads\/2021\/10\/04-2Copia-de-INVITACION-diseno-de-ANDREA-MONTIEL-JPG-__-1-1.jpg 1700w\" sizes=\"(max-width: 791px) 100vw, 791px\" \/><\/figure><\/li><\/ul><\/figure>\n<\/div><\/div>\n\n\n\n<hr class=\"wp-block-separator\"\/>\n\n\n\n<p><strong><em>KADISH EN TRES TIEMPOS<\/em><\/strong><\/p>\n\n\n\n<p><strong>POEMARIOS DE ANDREA MONTIEL<a href=\"#_ftn1\"><strong>[1]<\/strong><\/a><\/strong><\/p>\n\n\n\n<p><strong>Angelina Mu\u00f1iz-Huberman<\/strong><\/p>\n\n\n\n<p>Andrea Montiel ha reunido tres poemarios en torno a la vida y muerte de sus seres queridos, abuela, padre y madre. El g\u00e9nero elegiaco ha acompa\u00f1ado la historia de la humanidad desde las \u00e9pocas m\u00e1s remotas. El fin de la vida necesita ser cerrado y, al mismo tiempo, recordado constantemente. Los ritos en su entorno, c\u00e1nticos y rezos son parte primordial de la memoria. No hay cultura que no los desarrolle. Proveen un cierto consuelo ante lo inevitable y pareciera que alargan la vida por medio del ritmo de la poes\u00eda. Y si es ritmo es m\u00fasica y si es m\u00fasica es movimiento y si es movimiento es vida de nuevo. As\u00ed el rezo y el canto triunfan sobre la muerte y la vida renace. Es \u00e9ste uno de los misteriosos dones del arte po\u00e9tico. En la literatura medieval espa\u00f1ola con s\u00f3lo mencionar las <em>Coplas por la muerte<\/em> <em>de su padre <\/em>de Jorge Manrique ser\u00eda suficiente.<\/p>\n\n\n\n<p>&nbsp;&nbsp;&nbsp;&nbsp;&nbsp;&nbsp;&nbsp;&nbsp;&nbsp;&nbsp;&nbsp; El <em>kadish <\/em>es el rezo f\u00fanebre de acuerdo con la tradici\u00f3n religiosa jud\u00eda que, a su vez, se deriva en los <em>Cantos de muerte<\/em> sefard\u00edes. A estos \u00faltimos podr\u00edamos agregar los que Andrea Montiel plasma en sus tres poemarios:<em> Para recordar la lluvia&#8230;, Desde el olvido, En el solsticio de verano, durante las lluvias vesperales.<\/em><\/p>\n\n\n\n<p>&nbsp;&nbsp;&nbsp;&nbsp;&nbsp;&nbsp;&nbsp;&nbsp;&nbsp;&nbsp;&nbsp; Andrea Montiel escoge para cada muerte un estilo po\u00e9tico especial. El poemario dedicado a su abuela, <em>Para recordar, la lluvia&#8230; <\/em>est\u00e1 escrito en lengua ladina o judeoespa\u00f1ola que, como dice un antiguo poema an\u00f3nimo es &#8220;la m\u00e1s linda de todo lenguaje.&#8221; Y esta lengua con su dulce fluir permite a Andrea hilvanar recuerdos, canciones, d\u00edas de guardar, comidas t\u00edpicas, refranes. En fin, todo un concentrado de la vida sefard\u00ed que, poco a poco, languidece, como languidece su abuela ante la lluvia en la ventana. Es un deseo de detener el tiempo a la vez que, como las gotas de agua que caen sobre el cristal, la imposibilidad de lograrlo termine en un canto a la melancol\u00eda. Los versos finales dicen:<\/p>\n\n\n\n<p>&nbsp;&nbsp;&nbsp;&nbsp;&nbsp;&nbsp;&nbsp;&nbsp;&nbsp;&nbsp;&nbsp;&nbsp;&nbsp;&nbsp;&nbsp;&nbsp;&nbsp;&nbsp;&nbsp;&nbsp;&nbsp;&nbsp;&nbsp;&nbsp;&nbsp;&nbsp;&nbsp;&nbsp;&nbsp;&nbsp;&nbsp;&nbsp;&nbsp;&nbsp;&nbsp;&nbsp;&nbsp;&nbsp;&nbsp;&nbsp;&nbsp;&nbsp;&nbsp;&nbsp;&nbsp;&nbsp; Quel Di\u00f3 la guarde a mi abuela<\/p>\n\n\n\n<p>&nbsp;&nbsp;&nbsp;&nbsp;&nbsp;&nbsp;&nbsp;&nbsp;&nbsp;&nbsp;&nbsp;&nbsp;&nbsp;&nbsp;&nbsp;&nbsp;&nbsp;&nbsp;&nbsp;&nbsp;&nbsp;&nbsp;&nbsp;&nbsp;&nbsp;&nbsp;&nbsp;&nbsp;&nbsp;&nbsp;&nbsp;&nbsp;&nbsp;&nbsp;&nbsp;&nbsp;&nbsp;&nbsp;&nbsp;&nbsp;&nbsp;&nbsp;&nbsp;&nbsp;&nbsp;&nbsp; y no me manque su imagen<\/p>\n\n\n\n<p>&nbsp;&nbsp;&nbsp;&nbsp;&nbsp;&nbsp;&nbsp;&nbsp;&nbsp;&nbsp;&nbsp;&nbsp;&nbsp;&nbsp;&nbsp;&nbsp;&nbsp;&nbsp;&nbsp;&nbsp;&nbsp;&nbsp;&nbsp;&nbsp;&nbsp;&nbsp;&nbsp;&nbsp;&nbsp;&nbsp;&nbsp;&nbsp;&nbsp;&nbsp;&nbsp;&nbsp;&nbsp;&nbsp;&nbsp;&nbsp;&nbsp;&nbsp;&nbsp;&nbsp;&nbsp;&nbsp; ni la lluvia en mi ventana.<\/p>\n\n\n\n<p>&nbsp;&nbsp;&nbsp;&nbsp;&nbsp;&nbsp;&nbsp;&nbsp;&nbsp;&nbsp;&nbsp;&nbsp;&nbsp;&nbsp;&nbsp;&nbsp;&nbsp;&nbsp;&nbsp;&nbsp;&nbsp;&nbsp;&nbsp;&nbsp;&nbsp;&nbsp;&nbsp;&nbsp;&nbsp;&nbsp;&nbsp;&nbsp;&nbsp;&nbsp;&nbsp;&nbsp;&nbsp;&nbsp;&nbsp;&nbsp;&nbsp;&nbsp;&nbsp;&nbsp;&nbsp;&nbsp; Lluvia, para recordarla. (p. 17)<\/p>\n\n\n\n<p>&nbsp;&nbsp;&nbsp;&nbsp;&nbsp;&nbsp;&nbsp;&nbsp;&nbsp;&nbsp;&nbsp; El poemario dedicado al amor a su padre y a su muerte, se desliza entre los recuerdos de la imagen viva, fresca y el suave desenlace del tr\u00e1nsito final. Posee la particularidad de ser una edici\u00f3n biling\u00fce traducida al franc\u00e9s por Ana Cristina Z\u00fa\u00f1iga y Bernard Pozier. El t\u00edtulo nos remite a varias asociaciones: <em>En el solsticio de verano, durante las lluvias vesperales. <\/em>Pensemos en el solsticio de verano, como el d\u00eda m\u00e1s largo del a\u00f1o y en su significado sacroprofano unido a las v\u00edsperas como el oficio divino vespertino. Y en medio, la lluvia. Actos de la naturaleza que acompa\u00f1ar\u00e1n el \u00faltimo trance.<\/p>\n\n\n\n<p>&nbsp;&nbsp;&nbsp;&nbsp;&nbsp;&nbsp;&nbsp;&nbsp;&nbsp;&nbsp;&nbsp; El padre, Armando Montiel Olvera m\u00fasico de profesi\u00f3n, en su agon\u00eda despierta los recuerdos de la hija y las preguntas que no habr\u00e1n de responderse:<\/p>\n\n\n\n<p>&nbsp;&nbsp;&nbsp;&nbsp;&nbsp;&nbsp;&nbsp;&nbsp;&nbsp;&nbsp;&nbsp;&nbsp;&nbsp;&nbsp;&nbsp;&nbsp;&nbsp;&nbsp;&nbsp;&nbsp;&nbsp;&nbsp;&nbsp;&nbsp;&nbsp;&nbsp;&nbsp;&nbsp;&nbsp;&nbsp;&nbsp;&nbsp;&nbsp;&nbsp;&nbsp;&nbsp;&nbsp;&nbsp;&nbsp;&nbsp;&nbsp;&nbsp;&nbsp;&nbsp;&nbsp;&nbsp; Te reclamo:<\/p>\n\n\n\n<p>&nbsp;&nbsp;&nbsp;&nbsp;&nbsp;&nbsp;&nbsp;&nbsp;&nbsp;&nbsp;&nbsp;&nbsp;&nbsp;&nbsp;&nbsp;&nbsp;&nbsp;&nbsp;&nbsp;&nbsp;&nbsp;&nbsp;&nbsp;&nbsp;&nbsp;&nbsp;&nbsp;&nbsp;&nbsp;&nbsp;&nbsp;&nbsp;&nbsp;&nbsp;&nbsp;&nbsp;&nbsp;&nbsp;&nbsp;&nbsp;&nbsp;&nbsp;&nbsp;&nbsp;&nbsp;&nbsp; \u00bfpor qu\u00e9 te vas en esta forma<\/p>\n\n\n\n<p>&nbsp;&nbsp;&nbsp;&nbsp;&nbsp;&nbsp;&nbsp;&nbsp;&nbsp;&nbsp;&nbsp;&nbsp;&nbsp;&nbsp;&nbsp;&nbsp;&nbsp;&nbsp;&nbsp;&nbsp;&nbsp;&nbsp;&nbsp;&nbsp;&nbsp;&nbsp;&nbsp;&nbsp;&nbsp;&nbsp;&nbsp;&nbsp;&nbsp;&nbsp;&nbsp;&nbsp;&nbsp;&nbsp;&nbsp;&nbsp;&nbsp;&nbsp;&nbsp;&nbsp;&nbsp;&nbsp; llev\u00e1ndote todo el silencio entre tus manos<\/p>\n\n\n\n<p>&nbsp;&nbsp;&nbsp;&nbsp;&nbsp;&nbsp;&nbsp;&nbsp;&nbsp;&nbsp;&nbsp;&nbsp;&nbsp;&nbsp;&nbsp;&nbsp;&nbsp;&nbsp;&nbsp;&nbsp;&nbsp;&nbsp;&nbsp;&nbsp;&nbsp;&nbsp;&nbsp;&nbsp;&nbsp;&nbsp;&nbsp;&nbsp;&nbsp;&nbsp;&nbsp;&nbsp;&nbsp;&nbsp;&nbsp;&nbsp;&nbsp;&nbsp;&nbsp;&nbsp;&nbsp;&nbsp; esas manos de m\u00fasica y batutas<\/p>\n\n\n\n<p>&nbsp;&nbsp;&nbsp;&nbsp;&nbsp;&nbsp;&nbsp;&nbsp;&nbsp;&nbsp;&nbsp;&nbsp;&nbsp;&nbsp;&nbsp;&nbsp;&nbsp;&nbsp;&nbsp;&nbsp;&nbsp;&nbsp;&nbsp; &nbsp;&nbsp;&nbsp;&nbsp;&nbsp;&nbsp;&nbsp;&nbsp;&nbsp;&nbsp;&nbsp;&nbsp;&nbsp;&nbsp;&nbsp;&nbsp;&nbsp;&nbsp;&nbsp;&nbsp;&nbsp;&nbsp;&nbsp; que dieron luz a los teclados? (p. 11)<\/p>\n\n\n\n<p>&nbsp;&nbsp;&nbsp;&nbsp;&nbsp;&nbsp;&nbsp;&nbsp;&nbsp;&nbsp;&nbsp; Empieza el recuento con su af\u00e1n de que la memoria perdure, de que la ilusi\u00f3n trascienda tiempo y espacio para recuperar y detener la imagen de quien ha partido.<\/p>\n\n\n\n<p>&nbsp;&nbsp;&nbsp;&nbsp;&nbsp;&nbsp;&nbsp;&nbsp;&nbsp;&nbsp;&nbsp;&nbsp;&nbsp;&nbsp;&nbsp;&nbsp;&nbsp;&nbsp;&nbsp;&nbsp;&nbsp;&nbsp;&nbsp;&nbsp;&nbsp;&nbsp;&nbsp;&nbsp;&nbsp;&nbsp;&nbsp;&nbsp;&nbsp;&nbsp;&nbsp;&nbsp;&nbsp;&nbsp;&nbsp;&nbsp;&nbsp;&nbsp;&nbsp;&nbsp;&nbsp;&nbsp; Le pido a los recuerdos que invadan mi memoria<\/p>\n\n\n\n<p>&nbsp;&nbsp;&nbsp;&nbsp;&nbsp;&nbsp;&nbsp;&nbsp;&nbsp;&nbsp;&nbsp;&nbsp;&nbsp;&nbsp;&nbsp;&nbsp;&nbsp;&nbsp;&nbsp;&nbsp;&nbsp;&nbsp;&nbsp;&nbsp;&nbsp;&nbsp;&nbsp;&nbsp;&nbsp;&nbsp;&nbsp;&nbsp;&nbsp;&nbsp;&nbsp;&nbsp;&nbsp;&nbsp;&nbsp;&nbsp;&nbsp;&nbsp;&nbsp;&nbsp;&nbsp;&nbsp; con tu imagen<\/p>\n\n\n\n<p>&nbsp;&nbsp;&nbsp;&nbsp;&nbsp;&nbsp;&nbsp;&nbsp;&nbsp;&nbsp;&nbsp;&nbsp;&nbsp;&nbsp;&nbsp;&nbsp;&nbsp;&nbsp;&nbsp;&nbsp;&nbsp;&nbsp;&nbsp;&nbsp;&nbsp;&nbsp;&nbsp;&nbsp;&nbsp;&nbsp;&nbsp;&nbsp;&nbsp;&nbsp;&nbsp;&nbsp;&nbsp;&nbsp;&nbsp;&nbsp;&nbsp;&nbsp;&nbsp;&nbsp;&nbsp;&nbsp; la de tus a\u00f1os de antes<\/p>\n\n\n\n<p>&nbsp;&nbsp;&nbsp;&nbsp;&nbsp;&nbsp;&nbsp;&nbsp;&nbsp;&nbsp;&nbsp;&nbsp;&nbsp;&nbsp;&nbsp;&nbsp;&nbsp;&nbsp;&nbsp;&nbsp;&nbsp;&nbsp;&nbsp;&nbsp;&nbsp;&nbsp;&nbsp;&nbsp;&nbsp;&nbsp;&nbsp;&nbsp;&nbsp;&nbsp;&nbsp;&nbsp;&nbsp;&nbsp;&nbsp;&nbsp;&nbsp;&nbsp;&nbsp;&nbsp;&nbsp;&nbsp; aquellos de tu caminar en\u00e9rgico<\/p>\n\n\n\n<p>&nbsp;&nbsp;&nbsp;&nbsp;&nbsp;&nbsp;&nbsp;&nbsp;&nbsp;&nbsp;&nbsp;&nbsp;&nbsp;&nbsp;&nbsp;&nbsp;&nbsp;&nbsp;&nbsp;&nbsp;&nbsp;&nbsp;&nbsp;&nbsp;&nbsp;&nbsp;&nbsp;&nbsp;&nbsp;&nbsp;&nbsp;&nbsp;&nbsp;&nbsp;&nbsp;&nbsp;&nbsp;&nbsp;&nbsp;&nbsp;&nbsp;&nbsp;&nbsp;&nbsp;&nbsp;&nbsp; los de tus sobresaltos y pasiones<\/p>\n\n\n\n<p>&nbsp;&nbsp;&nbsp;&nbsp;&nbsp;&nbsp;&nbsp;&nbsp;&nbsp;&nbsp;&nbsp;&nbsp;&nbsp;&nbsp;&nbsp;&nbsp;&nbsp;&nbsp;&nbsp;&nbsp;&nbsp;&nbsp;&nbsp;&nbsp;&nbsp;&nbsp;&nbsp;&nbsp;&nbsp;&nbsp;&nbsp;&nbsp;&nbsp;&nbsp;&nbsp;&nbsp;&nbsp;&nbsp;&nbsp;&nbsp;&nbsp;&nbsp;&nbsp;&nbsp;&nbsp;&nbsp; los de tu letra hermosa y clara<\/p>\n\n\n\n<p>&nbsp;&nbsp;&nbsp;&nbsp;&nbsp;&nbsp;&nbsp;&nbsp;&nbsp;&nbsp;&nbsp;&nbsp;&nbsp;&nbsp;&nbsp;&nbsp;&nbsp;&nbsp;&nbsp;&nbsp;&nbsp;&nbsp;&nbsp;&nbsp;&nbsp;&nbsp;&nbsp;&nbsp;&nbsp;&nbsp;&nbsp;&nbsp;&nbsp;&nbsp;&nbsp;&nbsp;&nbsp;&nbsp;&nbsp;&nbsp;&nbsp;&nbsp;&nbsp;&nbsp;&nbsp;&nbsp; y de tu exactitud en los horarios. (p.13)<\/p>\n\n\n\n<p>&nbsp;&nbsp;&nbsp;&nbsp;&nbsp;&nbsp;&nbsp;&nbsp;&nbsp;&nbsp;&nbsp; La hija quisiera tambi\u00e9n que las historias de la familia vuelvan a ser relatadas y que lo conocido se repita en la voz perdida del padre. A\u00f1ora los pasos de la infancia, el caminar juntos por las calles, las palabras intercambiadas, el ritmo de estar uno al lado de otro. Lo que se dijo y lo que no se dijo, la simultaneidad de actos en el descubrimiento a solas de experiencias \u00fanicas. La libertad alcanzada.<\/p>\n\n\n\n<p>&nbsp;&nbsp;&nbsp;&nbsp;&nbsp;&nbsp;&nbsp;&nbsp;&nbsp;&nbsp;&nbsp;&nbsp;&nbsp;&nbsp;&nbsp;&nbsp;&nbsp;&nbsp;&nbsp;&nbsp;&nbsp;&nbsp;&nbsp;&nbsp;&nbsp;&nbsp;&nbsp;&nbsp;&nbsp;&nbsp;&nbsp;&nbsp;&nbsp;&nbsp;&nbsp;&nbsp;&nbsp;&nbsp;&nbsp;&nbsp;&nbsp;&nbsp;&nbsp;&nbsp;&nbsp;&nbsp; Padre,<\/p>\n\n\n\n<p>&nbsp;&nbsp;&nbsp;&nbsp;&nbsp;&nbsp;&nbsp;&nbsp;&nbsp;&nbsp;&nbsp;&nbsp;&nbsp;&nbsp;&nbsp;&nbsp;&nbsp;&nbsp;&nbsp;&nbsp;&nbsp;&nbsp;&nbsp;&nbsp;&nbsp;&nbsp;&nbsp;&nbsp;&nbsp;&nbsp;&nbsp;&nbsp;&nbsp;&nbsp;&nbsp;&nbsp;&nbsp;&nbsp;&nbsp;&nbsp;&nbsp;&nbsp;&nbsp;&nbsp;&nbsp;&nbsp; \u00bfd\u00f3nde estabas cuando por primera vez<\/p>\n\n\n\n<p>&nbsp;&nbsp;&nbsp;&nbsp;&nbsp;&nbsp;&nbsp;&nbsp;&nbsp;&nbsp;&nbsp;&nbsp;&nbsp;&nbsp;&nbsp;&nbsp;&nbsp;&nbsp;&nbsp;&nbsp;&nbsp;&nbsp;&nbsp;&nbsp;&nbsp;&nbsp;&nbsp;&nbsp;&nbsp;&nbsp;&nbsp;&nbsp;&nbsp;&nbsp;&nbsp;&nbsp;&nbsp;&nbsp;&nbsp;&nbsp;&nbsp;&nbsp;&nbsp;&nbsp;&nbsp;&nbsp; mi coraz\u00f3n sinti\u00f3 el amor de un hombre?<\/p>\n\n\n\n<p>&nbsp;&nbsp;&nbsp;&nbsp;&nbsp;&nbsp;&nbsp;&nbsp;&nbsp;&nbsp;&nbsp;&nbsp;&nbsp;&nbsp;&nbsp;&nbsp;&nbsp;&nbsp;&nbsp;&nbsp;&nbsp;&nbsp;&nbsp;&nbsp;&nbsp;&nbsp;&nbsp;&nbsp;&nbsp;&nbsp;&nbsp;&nbsp;&nbsp;&nbsp;&nbsp;&nbsp;&nbsp;&nbsp;&nbsp;&nbsp;&nbsp;&nbsp;&nbsp;&nbsp;&nbsp;&nbsp; \u00bfd\u00f3nde cuando entregu\u00e9 mi cuerpo a los placeres?<\/p>\n\n\n\n<p>&nbsp;&nbsp;&nbsp;&nbsp;&nbsp;&nbsp;&nbsp;&nbsp;&nbsp;&nbsp; (p. 15)<\/p>\n\n\n\n<p>&nbsp;&nbsp;&nbsp;&nbsp;&nbsp;&nbsp;&nbsp;&nbsp;&nbsp;&nbsp;&nbsp; Ante la fatalidad s\u00f3lo queda la poes\u00eda en busca de respuestas que, de antemano, se saben inhallables a pesar de que la uni\u00f3n de dos ritos religiosos aspire a una explicaci\u00f3n y a una totalidad abarcadora.<\/p>\n\n\n\n<p>&nbsp;&nbsp;&nbsp;&nbsp;&nbsp;&nbsp;&nbsp;&nbsp;&nbsp;&nbsp;&nbsp;&nbsp;&nbsp;&nbsp;&nbsp;&nbsp;&nbsp;&nbsp;&nbsp;&nbsp;&nbsp;&nbsp;&nbsp;&nbsp;&nbsp;&nbsp;&nbsp;&nbsp;&nbsp;&nbsp;&nbsp;&nbsp;&nbsp;&nbsp;&nbsp;&nbsp;&nbsp;&nbsp;&nbsp;&nbsp;&nbsp;&nbsp;&nbsp;&nbsp;&nbsp;&nbsp; Mi padre ha muerto.<\/p>\n\n\n\n<p>&nbsp;&nbsp;&nbsp;&nbsp;&nbsp;&nbsp;&nbsp;&nbsp;&nbsp;&nbsp;&nbsp;&nbsp;&nbsp;&nbsp;&nbsp;&nbsp;&nbsp;&nbsp;&nbsp;&nbsp;&nbsp;&nbsp;&nbsp;&nbsp;&nbsp;&nbsp;&nbsp;&nbsp;&nbsp;&nbsp;&nbsp;&nbsp;&nbsp;&nbsp;&nbsp;&nbsp;&nbsp;&nbsp;&nbsp;&nbsp;&nbsp;&nbsp;&nbsp;&nbsp;&nbsp;&nbsp; Quiero rezarle un <em>Padrenuestro<\/em><\/p>\n\n\n\n<p>&nbsp;&nbsp;&nbsp;&nbsp;&nbsp;&nbsp;&nbsp;&nbsp;&nbsp;&nbsp;&nbsp;&nbsp;&nbsp;&nbsp;&nbsp;&nbsp;&nbsp;&nbsp;&nbsp;&nbsp;&nbsp;&nbsp;&nbsp;&nbsp;&nbsp;&nbsp;&nbsp;&nbsp;&nbsp;&nbsp;&nbsp;&nbsp;&nbsp;&nbsp;&nbsp;&nbsp;&nbsp;&nbsp;&nbsp;&nbsp;&nbsp;&nbsp;&nbsp;&nbsp;&nbsp;&nbsp; y al mismo tiempo ponerle sobre el pecho<\/p>\n\n\n\n<p>&nbsp;&nbsp;&nbsp;&nbsp;&nbsp;&nbsp;&nbsp;&nbsp;&nbsp;&nbsp;&nbsp;&nbsp;&nbsp;&nbsp;&nbsp;&nbsp;&nbsp;&nbsp;&nbsp;&nbsp;&nbsp;&nbsp;&nbsp;&nbsp;&nbsp;&nbsp;&nbsp;&nbsp;&nbsp;&nbsp;&nbsp;&nbsp;&nbsp;&nbsp;&nbsp;&nbsp;&nbsp;&nbsp;&nbsp;&nbsp;&nbsp;&nbsp;&nbsp;&nbsp;&nbsp;&nbsp; la estrella de David y un clavel blanco. (p. 17)<\/p>\n\n\n\n<p>&nbsp;&nbsp;&nbsp;&nbsp;&nbsp;&nbsp;&nbsp;&nbsp;&nbsp;&nbsp;&nbsp; El rezo, la oraci\u00f3n, el pensamiento se convierten en la personal expresi\u00f3n devastada que ayuda pero que no enga\u00f1a. La muerte crea su dominio y s\u00f3lo se vence la batalla que parece perdida por medio de la palabra que recuerda, que detiene, que eterniza: &#8220;\u00bfser\u00e1s el viento tibio que a veces me acaricia \/ o este miedo que siento cuando el cuerpo \/ no me pertenece?&#8221; (p. 23) Para llegar a la conclusi\u00f3n de que la muerte, al perder su materialidad, se instaura en presencia viva del padre en todo momento y en todo espacio. As\u00ed, la imagen de la vida perdura y la muerte se ahuyenta.<\/p>\n\n\n\n<p>&nbsp;&nbsp;&nbsp;&nbsp;&nbsp;&nbsp;&nbsp;&nbsp;&nbsp;&nbsp;&nbsp; El tercer poemario, <em>Desde el olvido<\/em>, est\u00e1 dedicado a la p\u00e9rdida de la madre. Desde el inicio breves versos describen su historia, su origen, su nombre &#8220;mujer de flor&#8221;, su simbiosis: &#8220;Mi madre <em>Rosa<\/em> es como la hija que no tuve.&#8221; Complicidad convertida en ruptura doliente.<\/p>\n\n\n\n<p>&nbsp;&nbsp;&nbsp;&nbsp;&nbsp;&nbsp;&nbsp;&nbsp;&nbsp;&nbsp;&nbsp;&nbsp;&nbsp;&nbsp;&nbsp;&nbsp;&nbsp;&nbsp;&nbsp;&nbsp;&nbsp;&nbsp;&nbsp;&nbsp;&nbsp;&nbsp;&nbsp;&nbsp;&nbsp;&nbsp;&nbsp;&nbsp;&nbsp;&nbsp;&nbsp;&nbsp;&nbsp;&nbsp;&nbsp;&nbsp;&nbsp;&nbsp;&nbsp;&nbsp;&nbsp;&nbsp; De ella nac\u00ed<\/p>\n\n\n\n<p>&nbsp;&nbsp;&nbsp;&nbsp;&nbsp;&nbsp;&nbsp;&nbsp;&nbsp;&nbsp;&nbsp;&nbsp;&nbsp;&nbsp;&nbsp;&nbsp;&nbsp;&nbsp;&nbsp;&nbsp;&nbsp;&nbsp;&nbsp;&nbsp;&nbsp;&nbsp;&nbsp;&nbsp;&nbsp;&nbsp;&nbsp;&nbsp;&nbsp;&nbsp;&nbsp;&nbsp;&nbsp;&nbsp;&nbsp;&nbsp;&nbsp;&nbsp;&nbsp;&nbsp;&nbsp;&nbsp; y morir\u00e1 sin m\u00ed<\/p>\n\n\n\n<p>&nbsp;&nbsp;&nbsp;&nbsp;&nbsp;&nbsp;&nbsp;&nbsp;&nbsp;&nbsp;&nbsp;&nbsp;&nbsp;&nbsp;&nbsp;&nbsp;&nbsp;&nbsp;&nbsp;&nbsp;&nbsp;&nbsp;&nbsp;&nbsp;&nbsp;&nbsp;&nbsp;&nbsp;&nbsp;&nbsp;&nbsp;&nbsp;&nbsp;&nbsp;&nbsp;&nbsp;&nbsp;&nbsp;&nbsp;&nbsp;&nbsp;&nbsp;&nbsp;&nbsp;&nbsp;&nbsp; con esa lenta muerte que amortigua mi dolor. (p. s\/n)<\/p>\n\n\n\n<p>&nbsp;&nbsp;&nbsp;&nbsp;&nbsp;&nbsp;&nbsp;&nbsp;&nbsp;&nbsp;&nbsp; Ante todo, su voz, su c\u00e1ntico ser\u00e1n la compa\u00f1\u00eda preciada de Andrea.<\/p>\n\n\n\n<p>&nbsp;&nbsp;&nbsp;&nbsp;&nbsp;&nbsp;&nbsp;&nbsp;&nbsp;&nbsp;&nbsp;&nbsp;&nbsp;&nbsp;&nbsp;&nbsp;&nbsp;&nbsp;&nbsp;&nbsp;&nbsp;&nbsp;&nbsp;&nbsp;&nbsp;&nbsp;&nbsp;&nbsp;&nbsp;&nbsp;&nbsp;&nbsp;&nbsp;&nbsp;&nbsp;&nbsp;&nbsp;&nbsp;&nbsp;&nbsp;&nbsp;&nbsp;&nbsp;&nbsp;&nbsp;&nbsp; Tu voz<\/p>\n\n\n\n<p>&nbsp;&nbsp;&nbsp;&nbsp;&nbsp;&nbsp;&nbsp;&nbsp;&nbsp;&nbsp;&nbsp;&nbsp;&nbsp;&nbsp;&nbsp;&nbsp;&nbsp;&nbsp;&nbsp;&nbsp;&nbsp;&nbsp;&nbsp;&nbsp;&nbsp;&nbsp;&nbsp;&nbsp;&nbsp;&nbsp;&nbsp;&nbsp;&nbsp;&nbsp;&nbsp;&nbsp;&nbsp;&nbsp;&nbsp;&nbsp;&nbsp;&nbsp;&nbsp;&nbsp;&nbsp;&nbsp; la voz m\u00fasica en palabras que hoy grabo<\/p>\n\n\n\n<p>&nbsp;&nbsp;&nbsp;&nbsp;&nbsp;&nbsp;&nbsp;&nbsp;&nbsp;&nbsp;&nbsp;&nbsp;&nbsp;&nbsp;&nbsp;&nbsp;&nbsp;&nbsp;&nbsp;&nbsp;&nbsp;&nbsp;&nbsp;&nbsp;&nbsp;&nbsp;&nbsp;&nbsp;&nbsp;&nbsp;&nbsp;&nbsp;&nbsp;&nbsp;&nbsp;&nbsp;&nbsp;&nbsp;&nbsp;&nbsp;&nbsp;&nbsp;&nbsp;&nbsp;&nbsp;&nbsp; con tinta en mis papeles. (p. s\/n)&nbsp;&nbsp;&nbsp;&nbsp;&nbsp;&nbsp;&nbsp;&nbsp;&nbsp;&nbsp;&nbsp;&nbsp;<\/p>\n\n\n\n<p>&nbsp;&nbsp;&nbsp;&nbsp;&nbsp;&nbsp;&nbsp;&nbsp;&nbsp;&nbsp;&nbsp; El mundo sonoro, herencia de la hija en la palabra po\u00e9tica, va desentra\u00f1ando los pasos de la infancia a la madurez, de la soledad y la orfandad.<\/p>\n\n\n\n<p>&nbsp;&nbsp;&nbsp;&nbsp;&nbsp;&nbsp;&nbsp;&nbsp;&nbsp;&nbsp;&nbsp;&nbsp;&nbsp;&nbsp;&nbsp;&nbsp;&nbsp;&nbsp;&nbsp;&nbsp;&nbsp;&nbsp;&nbsp;&nbsp;&nbsp;&nbsp;&nbsp;&nbsp;&nbsp;&nbsp;&nbsp;&nbsp;&nbsp;&nbsp;&nbsp;&nbsp;&nbsp;&nbsp;&nbsp;&nbsp;&nbsp;&nbsp;&nbsp;&nbsp;&nbsp;&nbsp; Y me dejaste libre<\/p>\n\n\n\n<p>&nbsp;&nbsp;&nbsp;&nbsp;&nbsp;&nbsp;&nbsp;&nbsp;&nbsp;&nbsp;&nbsp;&nbsp;&nbsp;&nbsp;&nbsp;&nbsp;&nbsp;&nbsp;&nbsp;&nbsp;&nbsp;&nbsp;&nbsp;&nbsp;&nbsp;&nbsp;&nbsp;&nbsp;&nbsp;&nbsp;&nbsp;&nbsp;&nbsp;&nbsp;&nbsp;&nbsp;&nbsp;&nbsp;&nbsp;&nbsp;&nbsp;&nbsp;&nbsp;&nbsp;&nbsp;&nbsp; al albedr\u00edo helado de mis d\u00edas.<\/p>\n\n\n\n<p>&nbsp;&nbsp;&nbsp;&nbsp;&nbsp;&nbsp;&nbsp;&nbsp;&nbsp;&nbsp;&nbsp;&nbsp;&nbsp;&nbsp;&nbsp;&nbsp;&nbsp;&nbsp;&nbsp;&nbsp;&nbsp;&nbsp;&nbsp;&nbsp;&nbsp;&nbsp;&nbsp;&nbsp;&nbsp;&nbsp;&nbsp;&nbsp;&nbsp;&nbsp;&nbsp;&nbsp;&nbsp;&nbsp;&nbsp;&nbsp;&nbsp;&nbsp;&nbsp;&nbsp;&nbsp;&nbsp; Y me dejaste sorda<\/p>\n\n\n\n<p>&nbsp;&nbsp;&nbsp;&nbsp;&nbsp;&nbsp;&nbsp;&nbsp;&nbsp;&nbsp;&nbsp;&nbsp;&nbsp;&nbsp;&nbsp;&nbsp;&nbsp;&nbsp;&nbsp;&nbsp;&nbsp;&nbsp;&nbsp;&nbsp;&nbsp;&nbsp;&nbsp;&nbsp;&nbsp;&nbsp;&nbsp;&nbsp;&nbsp;&nbsp;&nbsp;&nbsp;&nbsp;&nbsp;&nbsp;&nbsp;&nbsp;&nbsp;&nbsp;&nbsp;&nbsp;&nbsp; con tu voz que aprisionaba las magnolias<\/p>\n\n\n\n<p>&nbsp;&nbsp;&nbsp;&nbsp;&nbsp;&nbsp;&nbsp;&nbsp;&nbsp;&nbsp;&nbsp;&nbsp;&nbsp;&nbsp;&nbsp;&nbsp;&nbsp;&nbsp;&nbsp;&nbsp;&nbsp;&nbsp;&nbsp;&nbsp;&nbsp;&nbsp;&nbsp;&nbsp;&nbsp;&nbsp;&nbsp;&nbsp;&nbsp;&nbsp;&nbsp;&nbsp;&nbsp;&nbsp;&nbsp;&nbsp;&nbsp;&nbsp;&nbsp;&nbsp;&nbsp;&nbsp; en aquellos jardines que siempre quise<\/p>\n\n\n\n<p>&nbsp;&nbsp;&nbsp;&nbsp;&nbsp;&nbsp;&nbsp;&nbsp;&nbsp;&nbsp;&nbsp;&nbsp;&nbsp;&nbsp;&nbsp;&nbsp;&nbsp;&nbsp;&nbsp;&nbsp;&nbsp;&nbsp;&nbsp;&nbsp;&nbsp;&nbsp;&nbsp;&nbsp;&nbsp;&nbsp;&nbsp;&nbsp;&nbsp;&nbsp;&nbsp; &nbsp;&nbsp;&nbsp;&nbsp;&nbsp;&nbsp;&nbsp;&nbsp;&nbsp;&nbsp;&nbsp; cultivar con mis no hermanos. (p. s\/n)<\/p>\n\n\n\n<p>&nbsp;&nbsp;&nbsp;&nbsp;&nbsp;&nbsp;&nbsp;&nbsp;&nbsp;&nbsp;&nbsp; La memoria de la madre, Rosa Rimoch, sigue bordando los primeros recuerdos como el principio de una lluvia dorada que, poco a poco, ir\u00e1 convirti\u00e9ndose en &#8220;tormenta, caos, oscuridad, nada&#8221;, cuando la p\u00e9rdida de la memoria avanza y quien fuera famosa cantante de \u00f3pera cruza la frontera del olvido para permanecer en un sosegado limbo. Entonces llegan las preguntas a la manera de las <em>Coplas<\/em> de Jorge Manrique.<\/p>\n\n\n\n<p>&nbsp;&nbsp;&nbsp;&nbsp;&nbsp;&nbsp;&nbsp;&nbsp;&nbsp;&nbsp;&nbsp;&nbsp;&nbsp;&nbsp;&nbsp;&nbsp;&nbsp;&nbsp;&nbsp;&nbsp;&nbsp;&nbsp;&nbsp;&nbsp;&nbsp;&nbsp;&nbsp;&nbsp;&nbsp;&nbsp;&nbsp;&nbsp;&nbsp;&nbsp;&nbsp;&nbsp;&nbsp;&nbsp;&nbsp;&nbsp;&nbsp;&nbsp;&nbsp;&nbsp;&nbsp;&nbsp; \u00bfQu\u00e9 rumbo tom\u00f3 tu coraz\u00f3n?<\/p>\n\n\n\n<p>&nbsp;&nbsp;&nbsp;&nbsp;&nbsp;&nbsp;&nbsp;&nbsp;&nbsp;&nbsp;&nbsp;&nbsp;&nbsp;&nbsp;&nbsp;&nbsp;&nbsp;&nbsp;&nbsp;&nbsp;&nbsp;&nbsp;&nbsp;&nbsp;&nbsp;&nbsp;&nbsp;&nbsp;&nbsp;&nbsp;&nbsp;&nbsp;&nbsp;&nbsp;&nbsp;&nbsp;&nbsp;&nbsp;&nbsp;&nbsp;&nbsp;&nbsp;&nbsp;&nbsp;&nbsp;&nbsp; \u00bfQu\u00e9 te llam\u00f3 al olvido?<\/p>\n\n\n\n<p>&nbsp;&nbsp;&nbsp;&nbsp;&nbsp;&nbsp;&nbsp;&nbsp;&nbsp;&nbsp;&nbsp;&nbsp;&nbsp;&nbsp;&nbsp;&nbsp;&nbsp;&nbsp;&nbsp;&nbsp;&nbsp;&nbsp;&nbsp;&nbsp;&nbsp;&nbsp;&nbsp;&nbsp;&nbsp;&nbsp;&nbsp;&nbsp;&nbsp;&nbsp;&nbsp;&nbsp;&nbsp;&nbsp;&nbsp;&nbsp;&nbsp;&nbsp;&nbsp;&nbsp;&nbsp;&nbsp; se fueron los d\u00edas del aplauso<\/p>\n\n\n\n<p>&nbsp;&nbsp;&nbsp;&nbsp;&nbsp;&nbsp;&nbsp;&nbsp;&nbsp;&nbsp;&nbsp;&nbsp;&nbsp;&nbsp;&nbsp;&nbsp;&nbsp;&nbsp;&nbsp;&nbsp;&nbsp;&nbsp;&nbsp;&nbsp;&nbsp;&nbsp;&nbsp;&nbsp;&nbsp;&nbsp;&nbsp;&nbsp;&nbsp;&nbsp;&nbsp;&nbsp;&nbsp;&nbsp;&nbsp;&nbsp;&nbsp;&nbsp;&nbsp;&nbsp;&nbsp;&nbsp; el canto<\/p>\n\n\n\n<p>&nbsp;&nbsp;&nbsp;&nbsp;&nbsp;&nbsp;&nbsp;&nbsp;&nbsp;&nbsp;&nbsp;&nbsp;&nbsp;&nbsp;&nbsp;&nbsp;&nbsp;&nbsp;&nbsp;&nbsp;&nbsp;&nbsp;&nbsp;&nbsp;&nbsp;&nbsp;&nbsp;&nbsp;&nbsp;&nbsp;&nbsp;&nbsp;&nbsp;&nbsp;&nbsp;&nbsp;&nbsp;&nbsp;&nbsp;&nbsp;&nbsp;&nbsp;&nbsp;&nbsp;&nbsp;&nbsp; las vocalizaciones<\/p>\n\n\n\n<p>&nbsp;&nbsp;&nbsp;&nbsp;&nbsp;&nbsp;&nbsp;&nbsp;&nbsp;&nbsp;&nbsp;&nbsp;&nbsp;&nbsp;&nbsp;&nbsp;&nbsp;&nbsp;&nbsp;&nbsp;&nbsp;&nbsp;&nbsp;&nbsp;&nbsp;&nbsp;&nbsp;&nbsp;&nbsp;&nbsp;&nbsp;&nbsp;&nbsp;&nbsp;&nbsp;&nbsp;&nbsp;&nbsp;&nbsp;&nbsp;&nbsp;&nbsp;&nbsp;&nbsp;&nbsp;&nbsp; los vestuarios<\/p>\n\n\n\n<p>&nbsp;&nbsp;&nbsp;&nbsp;&nbsp;&nbsp;&nbsp;&nbsp;&nbsp;&nbsp;&nbsp;&nbsp;&nbsp;&nbsp;&nbsp;&nbsp;&nbsp;&nbsp;&nbsp;&nbsp;&nbsp;&nbsp;&nbsp;&nbsp;&nbsp;&nbsp;&nbsp;&nbsp;&nbsp;&nbsp;&nbsp;&nbsp;&nbsp;&nbsp;&nbsp;&nbsp;&nbsp;&nbsp;&nbsp;&nbsp;&nbsp;&nbsp;&nbsp;&nbsp;&nbsp;&nbsp; el b\u00e1culo de Tosca<\/p>\n\n\n\n<p>&nbsp;&nbsp;&nbsp;&nbsp;&nbsp;&nbsp;&nbsp;&nbsp;&nbsp;&nbsp;&nbsp;&nbsp;&nbsp;&nbsp;&nbsp;&nbsp;&nbsp;&nbsp;&nbsp;&nbsp;&nbsp;&nbsp;&nbsp;&nbsp;&nbsp;&nbsp;&nbsp;&nbsp;&nbsp;&nbsp;&nbsp;&nbsp;&nbsp;&nbsp;&nbsp;&nbsp;&nbsp;&nbsp;&nbsp;&nbsp;&nbsp;&nbsp;&nbsp;&nbsp;&nbsp;&nbsp; la falda de Santuzza<\/p>\n\n\n\n<p>&nbsp;&nbsp;&nbsp;&nbsp;&nbsp;&nbsp;&nbsp;&nbsp;&nbsp;&nbsp;&nbsp;&nbsp;&nbsp;&nbsp;&nbsp;&nbsp;&nbsp;&nbsp;&nbsp;&nbsp;&nbsp;&nbsp;&nbsp;&nbsp;&nbsp;&nbsp;&nbsp;&nbsp;&nbsp;&nbsp;&nbsp;&nbsp;&nbsp;&nbsp;&nbsp;&nbsp;&nbsp;&nbsp;&nbsp;&nbsp;&nbsp;&nbsp;&nbsp;&nbsp;&nbsp;&nbsp; el kimono de flores de Cio-Cio San&#8230;&nbsp;<\/p>\n\n\n\n<p>&nbsp;&nbsp;&nbsp;&nbsp;&nbsp;&nbsp;&nbsp;&nbsp;&nbsp;&nbsp;&nbsp;&nbsp;&nbsp;&nbsp;&nbsp;&nbsp;&nbsp;&nbsp;&nbsp;&nbsp;&nbsp;&nbsp;&nbsp;&nbsp;&nbsp;&nbsp;&nbsp;&nbsp;&nbsp;&nbsp;&nbsp;&nbsp;&nbsp;&nbsp;&nbsp;&nbsp;&nbsp;&nbsp;&nbsp;&nbsp;&nbsp;&nbsp;&nbsp;&nbsp;&nbsp;&nbsp; &#8230;&#8230;&#8230;&#8230;&#8230;&#8230;&#8230;&#8230;&#8230;&#8230;&#8230;<\/p>\n\n\n\n<p>&nbsp;&nbsp;&nbsp;&nbsp;&nbsp;&nbsp;&nbsp;&nbsp;&nbsp;&nbsp;&nbsp;&nbsp;&nbsp;&nbsp;&nbsp;&nbsp;&nbsp;&nbsp;&nbsp;&nbsp;&nbsp;&nbsp;&nbsp;&nbsp;&nbsp;&nbsp;&nbsp;&nbsp;&nbsp;&nbsp;&nbsp;&nbsp;&nbsp;&nbsp;&nbsp;&nbsp;&nbsp;&nbsp;&nbsp;&nbsp;&nbsp;&nbsp;&nbsp;&nbsp;&nbsp;&nbsp; se fueron los palcos, los r\u00e9quiems, las cantatas&#8230;(p. s\/n)<\/p>\n\n\n\n<p>&nbsp;&nbsp;&nbsp;&nbsp;&nbsp;&nbsp;&nbsp;&nbsp;&nbsp;&nbsp;&nbsp; Y, sin embargo, finaliza Andrea Montiel su eleg\u00eda sobre &#8220;esta muerte tuya que me trat\u00f3 con cari\u00f1o \/ al acercarse poco a poco&#8230;&#8221;.<\/p>\n\n\n\n<p>&nbsp;&nbsp;&nbsp;&nbsp;&nbsp;&nbsp;&nbsp;&nbsp;&nbsp;&nbsp;&nbsp; Tres poemarios que, en el fondo, son un canto a la vida que ha cumplido su cometido y que, ante el misterio de la creaci\u00f3n po\u00e9tica, eleva en arte la soledad y la melancol\u00eda.&nbsp;&nbsp;&nbsp;&nbsp;&nbsp;&nbsp;&nbsp;&nbsp;&nbsp;&nbsp;&nbsp;&nbsp;&nbsp;&nbsp; &nbsp;&nbsp;&nbsp;&nbsp;&nbsp;&nbsp;&nbsp;&nbsp;&nbsp;&nbsp;&nbsp;<\/p>\n\n\n\n<hr class=\"wp-block-separator\"\/>\n\n\n\n<p><a href=\"#_ftnref1\">[1]<\/a> Los siguientes poemarios de Andrea Montiel se presentaron el pasado 5 de julio en el Instituto Cultural M\u00e9xico-Israel: <em>Desde el olvido<\/em>, La tinta del alcatraz, Toluca, 2013.\u00a0 <em>Para recordar la lluvia&#8230;, <\/em>S\u00edsifo, M\u00e9xico, 2014. <em>En el solsticio de verano, durante las lluvias vesperales<\/em>, ed. biling\u00fce, trad. al franc\u00e9s, Ana Cristina Z\u00fa\u00f1iga y Bernard Pozier, S\u00edsifo, M\u00e9xico, 2014.<\/p>\n\n\n\n<hr class=\"wp-block-separator\"\/>\n\n\n\n<p><strong><em>&nbsp; Kadish en tres tiempos<\/em><\/strong><strong>, presentaci\u00f3n de poemarios de Andrea Montiel<\/strong><\/p>\n\n\n\n<p><strong>por Clara Meierovich&nbsp;&nbsp;&nbsp;&nbsp;&nbsp;&nbsp;&nbsp;<\/strong><\/p>\n\n\n\n<p><em>No hay l\u00e1grimas que laven los besos de la muerte.<\/em><\/p>\n\n\n\n<p>&nbsp;&nbsp;&nbsp;&nbsp;&nbsp;&nbsp;&nbsp;&nbsp;&nbsp;&nbsp;&nbsp;&nbsp;&nbsp;&nbsp;&nbsp;&nbsp;&nbsp;&nbsp;&nbsp;&nbsp;&nbsp;&nbsp;&nbsp;&nbsp;&nbsp;&nbsp;&nbsp;&nbsp; Delmira Agustini<\/p>\n\n\n\n<p>La idea-concepto de la muerte como acontecimiento individual, perentorio e intransferible; un sin ma\u00f1ana, es desde siempre, lo sabemos hondo, un acicate para la evocaci\u00f3n feliz o desconsolada de los que nos han dejado su impronta sempiterna.<\/p>\n\n\n\n<p>La muerte, asimismo, como idea y anhelo de transfiguraci\u00f3n y de redenci\u00f3n; interrogante eterno, enigma y duda, y un imposible de corroborar.<\/p>\n\n\n\n<p>Es desde la reminiscencia por los seres amados que han partido, que <strong>Andrea Montiel <\/strong>ha nombrado esta presentaci\u00f3n de sus poemarios \u201c<em>Kadish<\/em> en tres tiempos\u201d. \u00bfPor qu\u00e9 llamar de esta manera el homenaje a quienes inspiraron con sus particulares esencias cada uno de sus libros? Pienso, que tal vez se deba a su intenci\u00f3n de conferir a los invocados un hado de santificaci\u00f3n \u2013<em>Kadish<\/em>&#8211; palabra aramea perteneciente al pueblo b\u00edblico que habit\u00f3 el antiguo pa\u00eds de Aram, al norte de Siria.<\/p>\n\n\n\n<p><em>Kadish, Kadosh<\/em>, santificado en hebreo, es uno de los rezos torales del Juda\u00edsmo, redactado casi en su totalidad en arameo -conjunto de lenguas sem\u00edticas de la misma familia que el hebreo y el fenicio, que se hablaron en el Cercano Oriente y que a\u00fan se conservan en algunas comunidades de Siria y L\u00edbano. <em>Kadish<\/em> es una alabanza y una glorificaci\u00f3n al nombre de Dios, al que se le pide la redenci\u00f3n y el advenimiento del Mes\u00edas. Se reza <em>Kadish<\/em>, como \u201cLamentaci\u00f3n\u201d y como parte del ritual, sobre todo, en los funerales y en el lugar del sepulcro. La liturgia del <em>Kadish yatom<\/em> tuvo una vasta dispersi\u00f3n geogr\u00e1fica y pr\u00e1ctica en los templos desde inicios de la Edad Media. Es la plegaria en memoria de los muertos, teniendo \u00e9sta la mayor significaci\u00f3n para lo cual se requiere de un <em>Mini\u00e1n <\/em>de por lo menos diez varones. Actualmente, y por iniciativa de los religiosos reformistas, puede practicarse, asimismo, con la participaci\u00f3n de mujeres para elevar la plegaria.<\/p>\n\n\n\n<p>En los tres libros de Andrea, encuentro la recuperaci\u00f3n de los fragmentos de vida m\u00e1s indelebles que dejaron cada uno de los destinatarios de estos versos en su intuici\u00f3n de creadora. Una impronta traducida a vibrantes y bien dibujadas im\u00e1genes de diversas tesituras dram\u00e1ticas, pero siempre abisales. La poeta camina hacia el pasado claroscuro para reconstruir en ese territorio ya clausurado o superado, aparentemente, los momentos gozosos y, otros de orfandad y desasosiego de sus amados consangu\u00edneos. Eugenia, la abuela \u201cla bien nacida\u201d en <em>Para recordar, la lluvia<\/em>\u2026 el padre <em>En el solsticio de verano, durante<\/em> <em>las lluvias vesperales<\/em> y, su madre, en <em>Desde el olvido<\/em>.<\/p>\n\n\n\n<p>Desra\u00edza, invalida de la muerte las cualidades m\u00e1s fulgurantes, las m\u00e1s entra\u00f1ables de los invocados. Para ello, recurre a una fluida naturalidad po\u00e9tica que reh\u00fasa los enrevesados artificios. As\u00ed, en <em>Para recordar, la lluvia<\/em>, nos cuenta:<\/p>\n\n\n\n<p>&nbsp;\u201cCon ventura de los d\u00edas\/ presto mudar de las horas\/ luz vio una ni\u00f1a peque\u00f1a\/ que despu\u00e9s se engrandeci\u00f3.\u201d \u201cDe Turqu\u00eda proven\u00eda\/ con su sonrisa florida\/ que a todos les repart\u00eda\/ desde el d\u00eda en que naci\u00f3\u201d. \u201cSonrisa para su esposo\/ sus pariduras, sus hishos\/ la guerra, el llanto y el canto\/ que a la mi madre hered\u00f3\u201d.<\/p>\n\n\n\n<p>Surge en esos versos el retrato germinal de la abuela, intercalando entre los que se van sucediendo a lo largo del poema, el estribillo \u201cEugenia, la bien nacida\/ era el nombre de mi abuela\/ parida al final del siglo\/ buen mazal que tuvo ella\u2026\u201d<\/p>\n\n\n\n<p>En este poemario dedicado a exaltar el recuerdo y ofrendar su admiraci\u00f3n a la abuela materna, la poeta acude a la tradici\u00f3n de los ancestrales y bellos romances de la poes\u00eda popular sefarad\u00edes en ladino, lengua nativa de Eugenia. Florecidas a partir de la expulsi\u00f3n de los jud\u00edos de Espa\u00f1a y de Portugal, a finales del siglo XV y comienzos del XVI, las cantigas populares fueron propagadas amorosamente en sus nuevos pa\u00edses de asentamiento, conteniendo un abundante caudal de temas que inclu\u00edan las costumbres de la vida diaria, los juegos infantiles y las recetas culinarias, entre otros, contadas y cantadas en una variedad de estructuras r\u00edtmicas. Las mozas y mozos de los pueblos que los cobijaron, entonaron esas breves composiciones de innegable acento naif, en estrofas de cuatro a seis versos, de rima generalmente asonante que se acompa\u00f1aban con estribillo, como en el caso citado, o sin \u00e9ste.<\/p>\n\n\n\n<p>Rosa, Rosita Rimoch y Armando Montiel, \u00edntegros en su humanidad, magnos en el arte. Unieron sus vidas y la m\u00fasica hizo residencia en ellas. Los dos poemarios dedicados a sus padres, escritos en los diferentes momentos de la p\u00e9rdida con el dolor a\u00fan sin mengua, se ci\u00f1en al igual que el de la abuela Eugenia, a la modalidad del poema extenso y de largo aliento.<\/p>\n\n\n\n<p>Son poemas donde la unidad tem\u00e1tica y, sobre todo, an\u00edmica, mantiene su constancia r\u00edtmica y musicalidad. A modo de representativa muestra, recordemos, <em>El cementerio<\/em> <em>marino<\/em> de Paul Val\u00e9ryy, entre los nuestros, las paradigm\u00e1ticas <em>Muerte sin<\/em> <em>fin<\/em> de Jos\u00e9 Gorostiza y <em>Piedra de sol<\/em> de Octavio Paz.<\/p>\n\n\n\n<p><em>En el solsticio de verano, durante las lluvias vesperales<\/em>, dedicado a su padre, &nbsp;en edici\u00f3n biling\u00fce en franc\u00e9s, cuyo t\u00edtulo evoca el momento del a\u00f1o cuando ocurren las lluvias que acompa\u00f1aron su partida, la poeta recupera en un c\u00e1ntico de a\u00f1oranza, a veces resignada, a veces rebelde, los momentos previos y finales del inevitable acontecimiento. Y en el poema ante el cuerpo de su padre ya vac\u00edo de la vida, dice:<\/p>\n\n\n\n<p>\u201cMi padre ha muerto. \/Quiero beberme su silencio\/ recordar su olor\/sus manos fr\u00edas blancas y perfectas\/ y su rostro en el descanso.\u201d<\/p>\n\n\n\n<p>La segunda estrofa, que prosigue nuevamente con la dolorosa enunciaci\u00f3n: \u201cMi padre ha muerto\u201d\u2026 me resulta contundente, en t\u00e9rminos de una aleg\u00f3rica e \u00edntima terneza, que inquiere a la fe religiosa originaria de cada uno de sus padres, el apremio de la consolaci\u00f3n:<\/p>\n\n\n\n<p>\u201cQuiero rezarle un <em>Padre Nuestro\/<\/em>y al mismo tiempo ponerle sobre el pecho\/ la estrella de David y un clavel blanco. \/ Ha muerto y quiero grabarlo entre mis ojos\/ para siempre\u201d.<\/p>\n\n\n\n<p>M\u00fasica de un <em>R\u00e9quiem <\/em>y un <em>Kadish<\/em> para despedir al padre en su viaje al pa\u00eds donde el tiempo prescinde de relojes, y del cielo no caen las lluvias ni soplan los vientos.<\/p>\n\n\n\n<p>El canto y el silencio; la memoria y el olvido, contraposiciones rotundas que presidieron la vida de Rosa Rimoch. <em>Desde el olvido<\/em>, es el espacio de las emociones donde la autora pone en escena las vicisitudes cotidianas y las extraordinarias: las tiernas, las gloriosas y las amargas de su madre artista, de su madre enferma de Alzheimer: &nbsp;&nbsp;<\/p>\n\n\n\n<p>\u201cMadre\/ \u00bfQu\u00e9 rumbo tom\u00f3 tu coraz\u00f3n?\/ \u00bfQu\u00e9 te llam\u00f3 al olvido?\/ se fueron los d\u00edas del aplauso\/ el canto\/ las vocalizaciones\/ los vestuarios\/ el b\u00e1culo de Tosca\/ la falda de Santuzza\/ el kimono de flores de Cio-Cio San la mariposa\/ y Atzimba \/y Halka\/ y Bohemia\/ se fue A\u00edda con su piel azabache y su bravura\/ Turandot con sus tres enigmas\/ y todas las letras de tus arias\/ se fueron tus zapatos empolvados en medio del proscenio\/ se fue el t\u00e9 de flores y semillas que te esperaba tras bambalinas\/ se fueron los palcos los r\u00e9quiem las cantatas\/ a d\u00f3nde madre se fueron tu voz tus filigranas\/ tus personajes\/ tus huellas\/ desde el olvido te las llevaste.\/ Queda el coro de trinos en nuestro jard\u00edn de p\u00e1jaros\/ quedan los \u00e1rboles que brillan con cada hoja una luz. \/Quedan las jacarandas que lloran flores moradas\/ en esta morada triste y sola de mi coraz\u00f3n\u201d.<\/p>\n\n\n\n<p>Con este poemario dedicado a su madre, Andrea Montiel cierra el c\u00edrculo de los adioses y de la permanencia de los recuerdos a ultranza. Un tr\u00edptico de tono eleg\u00edaco; un <em>continuum<\/em> de los afectos, del gozo y del ocaso.<\/p>\n\n\n\n<p>\u00a0\u00a0\u00a0\u00a0\u00a0\u00a0\u00a0\u00a0\u00a0\u00a0\u00a0\u00a0\u00a0\u00a0\u00a0\u00a0\u00a0\u00a0\u00a0\u00a0\u00a0\u00a0\u00a0\u00a0\u00a0\u00a0\u00a0\u00a0\u00a0\u00a0\u00a0\u00a0\u00a0\u00a0\u00a0\u00a0\u00a0\u00a0\u00a0\u00a0\u00a0\u00a0\u00a0 \u00a0\u00a0\u00a0\u00a0\u00a0\u00a0\u00a0\u00a0\u00a0\u00a0\u00a0\u00a0\u00a0\u00a0Instituto Cultural M\u00e9xico Israel, 5 de julio de 2015.<\/p>\n\n\n\n<hr class=\"wp-block-separator\"\/>\n\n\n\n<p><strong>Tres libros de Andrea Montiel, tres<\/strong><\/p>\n\n\n\n<p><strong>Ren\u00e9 Avil\u00e9s Fabila<\/strong><\/p>\n\n\n\n<p><strong>La Cr\u00f3nica de hoy<\/strong><\/p>\n\n\n\n<p><strong>mi\u00e9rcoles 8 de julio 2015<\/strong><\/p>\n\n\n\n<p><strong>Andrea Montiel<\/strong> naci\u00f3 y vivi\u00f3 entre artistas e intelectuales. Es poeta principalmente, pero gusta tambi\u00e9n de promover la cultura. No importa que antes de escribir sus primeros versos haya estudiado psicolog\u00eda, con frecuencia son actividades que se complementan y se ayudan, As\u00ed al menos la veo yo, sensible al arte. y enamorada de las letras desde hace muchos lustros. Primero la le\u00ed, su libro <em>Temporal sin tiempo, <\/em>editado por la UAM en 1985, lugar donde desde su fundaci\u00f3n trabajo como profesor, y supo conmoverme. M\u00e1s adelante, no mucho m\u00e1s la conoc\u00ed porque adem\u00e1s ten\u00edamos que conocernos, los nombres de algunos de sus familiares me eran, me son admirables. As\u00ed es que comparto la opini\u00f3n de un querido amigo desaparecido, Eduardo C\u00e9sarman, quien por razones culturales, la entend\u00eda mejor que yo: &#8220;Andrea Montiel es psic\u00f3loga de profesi\u00f3n, poeta por vocaci\u00f3n y una gran mujer por destino&#8221;, palabras que escribi\u00f3 en el pr\u00f3logo de <em>Para recordar <\/em><em>la lluvia.<\/em><\/p>\n\n\n\n<p>En est\u00e1 ocasi\u00f3n Andrea nos presenta tres plaquetas: <em>En el solsticio de verano, durante las lluvias vesperales <\/em>(edici\u00f3n biling\u00fce, espa\u00f1ol\/franc\u00e9s), <em>Desde el olvido <\/em>y <em>Para recordar, la lluvia.<\/em><\/p>\n\n\n\n<p>En la primera, la poes\u00eda se dirige hacia la figura paterna. En esta obra Armando Montiel Olvera, conocido por su trabajo como compositor, pianista y director. Andrea, dice el pianista Ra\u00fal Herrera M\u00e1rquez, &#8220;nos conduce por el arduo recorrido de tres fases de la p\u00e9rdida: la inminencia de la muerte ineluctable, el doloroso desenlace y, finalmente, la a\u00f1oranza y el consuelo&#8221;. Los poemas son<br>dolidos para la escritora y dolorosos para sus lectores. Su voz alcanza registros muy altos.<\/p>\n\n\n\n<p><em>Para recordar la lluvia, <\/em>es igualmente una obra conmovedora donde la poeta le canta a la abuela, a Eugenia, &#8220;la bien nacida&#8221; y en este poema hay delicadas referencias al pasado hist\u00f3rico. Dicho en palabras de la misma Andrea, mantiene &#8220;la tradici\u00f3n del hablar en estos versos y estrofas a la manera de las romanzas y cantos sefard\u00edes&#8221; y cada tramo de su vida es anticipada por una eficaz repetici\u00f3n de los dos primeros versos y dos m\u00e1s que la precisan: &#8220;Eugenia, la bien nacida\/ era el nombre de mi abuela\/ parida al final del siglo\/ buen mazal que tuvo ella&#8230; &#8220;<\/p>\n\n\n\n<p>Con versos plenos de nostalgia, Andrea reconstruye sus recuerdos y los extiende a su madre, a Rosa: &#8220;Que no me manquen las fojas\/ ni me manquen las ideas\/ que<br>hoy quiero hablar de mi abuela\/ de mi abuelo y la mi madre.&#8221; Pero el eje de este poema es Eugenia, la que sali\u00f3 de Turqu\u00eda, lleg\u00f3 a Cuba y descendi\u00f3 del barco en<br>Veracruz, despu\u00e9s fue a Barcelona, &#8220;donde guerras padeci\u00f3&#8221;. Finalmente, &#8220;Tras sus espaldas los mares\/ la casa, el llanto y el cielo\/ hasta que de tanto en tanto\/ en M\u00e9xico se qued\u00f3. \/ Esta patria le dio techo&#8230; &#8220;<\/p>\n\n\n\n<p>En <em>Desde el olvido, <\/em>dedicado a su madre, Rosa Rimoch, soberbia soprano, Andrea le declara su total admiraci\u00f3n, pero ese amor va intercalado con palabras tristes, es evidente que esa p\u00e9rdida la afect\u00f3 de manera muy profunda, dir\u00eda inimaginable. Existen varios testimonios emotivos y desgarradores del sufrimiento que la muerte de su progenitora ha provocado en varios escritores. Suele ser un momento punzante. Yo mismo tuve que escribir un libro para paliar el fallecimiento de la m\u00eda. Lo mismo ocurre en <em>Desde el olvido. <\/em>Al inicio la historia de Rosa duele: &#8220;Mujer ni\u00f1a de nadie\/ hija de la guerra\/ perseguida por la muerte. \/ Mujer libre andarina\/ due\u00f1a de tus sue\u00f1os\/ y el templo de tu alma. \/ Naciste con luz del candelabro de los siete brazos\/ y por a\u00f1os te guiaron las seis puntas de la estrella de David. \/ La m\u00fasica encauz\u00f3 tu vida\/ tu voz\/ tus manos tenues\/ y Cristo clavado en tu mirada se conjug\u00f3 a tu origen.&#8221;<\/p>\n\n\n\n<p>Los recuerdos de Andrea sobre su madre son momentos muy bellos, lo m\u00e1s fascinante es que de pronto dialoga con ella, se dirige a ella, sigue viva. Acaso por tal raz\u00f3n, casi al final de la hermosa obra, escribe: &#8220;P\u00e9talos de Rosa por ti madre\/<br>para celebrar tu vida\/para festejar tu muerte\u2026 &#8220;<\/p>\n\n\n\n<p>Orgullosa de sus or\u00edgenes y de los suyos, sus familiares m\u00e1s entra\u00f1ables, Andrea Montiel logra retratos magistrales de todos ellos; de all\u00ed que la notable escritora Angelina Mu\u00f1iz-Huberman, precise en las p\u00e1ginas introductorias lo siguiente con su prosa elegante: &#8220;Andrea Montiel hace honor a sus antepasados al continuar con el amor a una lengua m\u00e1s poderosa que el correr del tiempo. Su verso fluye a la manera tradicional y las palabras de dulce pronunciaci\u00f3n se convierten en im\u00e1genes de un preciado \u00e1lbum de familia&#8230; &#8220;<\/p>\n\n\n\n<p>Ernesto S\u00e1bato y Mario Vargas Llosa han dicho por separado que escribir sobre sus fantasmas, sus temores y penas, alivia, logra ahuyentarlos. Lo dudo. Al leer la bella<br>poes\u00eda de Andrea Montiel, percibo un intento de recuperarlos, de tenerlos vivos, junto a ella. Sin duda los ha inmortalizado, pero su dolor se mantiene porque ellos viven, s\u00ed a su lado, pero en un mundo intangible el que con frecuencia no basta ni calma el dolor.<\/p>\n\n\n\n<p>Confi\u00f3 en que las tres obras que hoy presentamos, pronto se fundan en una sola para tener una idea m\u00e1s profunda de ese &#8220;\u00e1lbum de familia&#8221; que menciona Angelina Mu\u00f1iz- Huberman.<\/p>\n\n\n\n<p><strong>Tres libros de Andrea Montiel, tres<\/strong><\/p>\n\n\n\n<p><strong>Ren\u00e9 Avil\u00e9s Fabila<\/strong><\/p>\n\n\n\n<p><strong>La Cr\u00f3nica de hoy<\/strong><\/p>\n\n\n\n<p><strong>mi\u00e9rcoles 8 de julio 2015<\/strong><\/p>\n\n\n\n<p><strong>Andrea Montiel<\/strong> naci\u00f3 y vivi\u00f3 entre artistas e intelectuales. Es poeta principalmente, pero gusta tambi\u00e9n de promover la cultura. No importa que antes de escribir sus primeros versos haya estudiado psicolog\u00eda, con frecuencia son actividades que se complementan y se ayudan, As\u00ed al menos la veo yo, sensible al arte. y enamorada de las letras desde hace muchos lustros. Primero la le\u00ed, su libro <em>Temporal sin tiempo, <\/em>editado por la UAM en 1985, lugar donde desde su fundaci\u00f3n trabajo como profesor, y supo conmoverme. M\u00e1s adelante, no mucho m\u00e1s la conoc\u00ed porque adem\u00e1s ten\u00edamos que conocernos, los nombres de algunos de sus familiares me eran, me son admirables. As\u00ed es que comparto la opini\u00f3n de un querido amigo desaparecido, Eduardo C\u00e9sarman, quien por razones culturales, la entend\u00eda mejor que yo: &#8220;Andrea Montiel es psic\u00f3loga de profesi\u00f3n, poeta por vocaci\u00f3n y una gran mujer por destino&#8221;, palabras que escribi\u00f3 en el pr\u00f3logo de <em>Para recordar <\/em><em>la lluvia.<\/em><\/p>\n\n\n\n<p>En est\u00e1 ocasi\u00f3n Andrea nos presenta tres plaquetas: <em>En el solsticio de verano, durante las lluvias vesperales <\/em>(edici\u00f3n biling\u00fce, espa\u00f1ol\/franc\u00e9s), <em>Desde el olvido <\/em>y <em>Para recordar, la lluvia.<\/em><\/p>\n\n\n\n<p>En la primera, la poes\u00eda se dirige hacia la figura paterna. En esta obra Armando Montiel Olvera, conocido por su trabajo como compositor, pianista y director. Andrea, dice el pianista Ra\u00fal Herrera M\u00e1rquez, &#8220;nos conduce por el arduo recorrido de tres fases de la p\u00e9rdida: la inminencia de la muerte ineluctable, el doloroso desenlace y, finalmente, la a\u00f1oranza y el consuelo&#8221;. Los poemas son<br>dolidos para la escritora y dolorosos para sus lectores. Su voz alcanza registros muy altos.<\/p>\n\n\n\n<p><em>Para recordar la lluvia, <\/em>es igualmente una obra conmovedora donde la poeta le canta a la abuela, a Eugenia, &#8220;la bien nacida&#8221; y en este poema hay delicadas referencias al pasado hist\u00f3rico. Dicho en palabras de la misma Andrea, mantiene &#8220;la tradici\u00f3n del hablar en estos versos y estrofas a la manera de las romanzas y cantos sefard\u00edes&#8221; y cada tramo de su vida es anticipada por una eficaz repetici\u00f3n de los dos primeros versos y dos m\u00e1s que la precisan: &#8220;Eugenia, la bien nacida\/ era el nombre de mi abuela\/ parida al final del siglo\/ buen mazal que tuvo ella&#8230; &#8220;<\/p>\n\n\n\n<p>Con versos plenos de nostalgia, Andrea reconstruye sus recuerdos y los extiende a su madre, a Rosa: &#8220;Que no me manquen las fojas\/ ni me manquen las ideas\/ que<br>hoy quiero hablar de mi abuela\/ de mi abuelo y la mi madre.&#8221; Pero el eje de este poema es Eugenia, la que sali\u00f3 de Turqu\u00eda, lleg\u00f3 a Cuba y descendi\u00f3 del barco en<br>Veracruz, despu\u00e9s fue a Barcelona, &#8220;donde guerras padeci\u00f3&#8221;. Finalmente, &#8220;Tras sus espaldas los mares\/ la casa, el llanto y el cielo\/ hasta que de tanto en tanto\/ en M\u00e9xico se qued\u00f3. \/ Esta patria le dio techo&#8230; &#8220;<\/p>\n\n\n\n<p>En <em>Desde el olvido, <\/em>dedicado a su madre, Rosa Rimoch, soberbia soprano, Andrea le declara su total admiraci\u00f3n, pero ese amor va intercalado con palabras tristes, es evidente que esa p\u00e9rdida la afect\u00f3 de manera muy profunda, dir\u00eda inimaginable. Existen varios testimonios emotivos y desgarradores del sufrimiento que la muerte de su progenitora ha provocado en varios escritores. Suele ser un momento punzante. Yo mismo tuve que escribir un libro para paliar el fallecimiento de la m\u00eda. Lo mismo ocurre en <em>Desde el olvido. <\/em>Al inicio la historia de Rosa duele: &#8220;Mujer ni\u00f1a de nadie\/ hija de la guerra\/ perseguida por la muerte. \/ Mujer libre andarina\/ due\u00f1a de tus sue\u00f1os\/ y el templo de tu alma. \/ Naciste con luz del candelabro de los siete brazos\/ y por a\u00f1os te guiaron las seis puntas de la estrella de David. \/ La m\u00fasica encauz\u00f3 tu vida\/ tu voz\/ tus manos tenues\/ y Cristo clavado en tu mirada se conjug\u00f3 a tu origen.&#8221;<\/p>\n\n\n\n<p>Los recuerdos de Andrea sobre su madre son momentos muy bellos, lo m\u00e1s fascinante es que de pronto dialoga con ella, se dirige a ella, sigue viva. Acaso por tal raz\u00f3n, casi al final de la hermosa obra, escribe: &#8220;P\u00e9talos de Rosa por ti madre\/<br>para celebrar tu vida\/para festejar tu muerte\u2026 &#8220;<\/p>\n\n\n\n<p>Orgullosa de sus or\u00edgenes y de los suyos, sus familiares m\u00e1s entra\u00f1ables, Andrea Montiel logra retratos magistrales de todos ellos; de all\u00ed que la notable escritora Angelina Mu\u00f1iz-Huberman, precise en las p\u00e1ginas introductorias lo siguiente con su prosa elegante: &#8220;Andrea Montiel hace honor a sus antepasados al continuar con el amor a una lengua m\u00e1s poderosa que el correr del tiempo. Su verso fluye a la manera tradicional y las palabras de dulce pronunciaci\u00f3n se convierten en im\u00e1genes de un preciado \u00e1lbum de familia&#8230; &#8220;<\/p>\n\n\n\n<p>Ernesto S\u00e1bato y Mario Vargas Llosa han dicho por separado que escribir sobre sus fantasmas, sus temores y penas, alivia, logra ahuyentarlos. Lo dudo. Al leer la bella<br>poes\u00eda de Andrea Montiel, percibo un intento de recuperarlos, de tenerlos vivos, junto a ella. Sin duda los ha inmortalizado, pero su dolor se mantiene porque ellos viven, s\u00ed a su lado, pero en un mundo intangible el que con frecuencia no basta ni calma el dolor.<\/p>\n\n\n\n<p>Confi\u00f3 en que las tres obras que hoy presentamos, pronto se fundan en una sola para tener una idea m\u00e1s profunda de ese &#8220;\u00e1lbum de familia&#8221; que menciona Angelina Mu\u00f1iz- Huberman.<\/p>\n\n\n\n<figure class=\"wp-block-image size-full is-style-default\"><img loading=\"lazy\" decoding=\"async\" width=\"765\" height=\"629\" src=\"https:\/\/andreamontiel.mx\/wp-content\/uploads\/2021\/10\/am.png\" alt=\"\" class=\"wp-image-2512\" srcset=\"https:\/\/andreamontiel.mx\/wp-content\/uploads\/2021\/10\/am.png 765w, https:\/\/andreamontiel.mx\/wp-content\/uploads\/2021\/10\/am-300x247.png 300w, https:\/\/andreamontiel.mx\/wp-content\/uploads\/2021\/10\/am-600x493.png 600w\" sizes=\"(max-width: 765px) 100vw, 765px\" \/><\/figure>\n\n\n\n<hr class=\"wp-block-separator\"\/>\n\n\n<div><strong>Robo Gallery<\/strong>: You didn&#8217;t select any Robo Gallery item in editor. Please select one from the list or create new gallery<\/div>","protected":false},"excerpt":{"rendered":"<p>KADISH EN TRES TIEMPOS POEMARIOS DE ANDREA MONTIEL[1] Angelina Mu\u00f1iz-Huberman Andrea Montiel ha reunido tres poemarios en torno a la vida y muerte de sus seres queridos, abuela, padre y madre. El g\u00e9nero elegiaco ha acompa\u00f1ado la historia de la humanidad desde las \u00e9pocas m\u00e1s remotas. El fin de la vida necesita ser cerrado y, [&hellip;]<\/p>\n","protected":false},"author":2,"featured_media":2511,"comment_status":"closed","ping_status":"closed","sticky":false,"template":"","format":"standard","meta":{"footnotes":""},"categories":[39],"tags":[50,54,53,48,46,51,49,52,47],"aioseo_notices":[],"_links":{"self":[{"href":"https:\/\/andreamontiel.mx\/index.php?rest_route=\/wp\/v2\/posts\/2508"}],"collection":[{"href":"https:\/\/andreamontiel.mx\/index.php?rest_route=\/wp\/v2\/posts"}],"about":[{"href":"https:\/\/andreamontiel.mx\/index.php?rest_route=\/wp\/v2\/types\/post"}],"author":[{"embeddable":true,"href":"https:\/\/andreamontiel.mx\/index.php?rest_route=\/wp\/v2\/users\/2"}],"replies":[{"embeddable":true,"href":"https:\/\/andreamontiel.mx\/index.php?rest_route=%2Fwp%2Fv2%2Fcomments&post=2508"}],"version-history":[{"count":2,"href":"https:\/\/andreamontiel.mx\/index.php?rest_route=\/wp\/v2\/posts\/2508\/revisions"}],"predecessor-version":[{"id":2541,"href":"https:\/\/andreamontiel.mx\/index.php?rest_route=\/wp\/v2\/posts\/2508\/revisions\/2541"}],"wp:featuredmedia":[{"embeddable":true,"href":"https:\/\/andreamontiel.mx\/index.php?rest_route=\/wp\/v2\/media\/2511"}],"wp:attachment":[{"href":"https:\/\/andreamontiel.mx\/index.php?rest_route=%2Fwp%2Fv2%2Fmedia&parent=2508"}],"wp:term":[{"taxonomy":"category","embeddable":true,"href":"https:\/\/andreamontiel.mx\/index.php?rest_route=%2Fwp%2Fv2%2Fcategories&post=2508"},{"taxonomy":"post_tag","embeddable":true,"href":"https:\/\/andreamontiel.mx\/index.php?rest_route=%2Fwp%2Fv2%2Ftags&post=2508"}],"curies":[{"name":"wp","href":"https:\/\/api.w.org\/{rel}","templated":true}]}}