{"id":2642,"date":"2021-10-30T22:46:53","date_gmt":"2021-10-30T22:46:53","guid":{"rendered":"https:\/\/andreamontiel.mx\/?p=2642"},"modified":"2021-11-11T17:56:26","modified_gmt":"2021-11-11T17:56:26","slug":"taller-tinta-libre","status":"publish","type":"post","link":"https:\/\/andreamontiel.mx\/?p=2642","title":{"rendered":"TALLER TINTA LIBRE:"},"content":{"rendered":"\n<p>Mi <strong><em>Taller Tinta Libre: para crear tu libro de poemas<\/em><\/strong>, es un lugar de encuentro donde se re\u00fanen personas con intereses similares, para realizar una aventura a trav\u00e9s del arte de las palabras; donde los participantes incrementan su gozo en el h\u00e1bito de la lectura, y descubren o redescubren el lenguaje escrito como una forma de expresi\u00f3n creativa y l\u00fadica personal; donde comprenden la importancia del trabajo individual y en equipo, y ese profundo respeto y tolerancia a la diversidad de pensamientos y formas de expresi\u00f3n de sus compa\u00f1eros.<\/p>\n\n\n\n<h2 class=\"wp-block-heading\">para crear tu libro de poemas<\/h2>\n\n\n\n<p><strong>coordinado por ANDREA MONTIEL<\/strong><\/p>\n\n\n\n<p>Mi <strong><em>Taller Tinta Libre: para crear tu libro de poemas<\/em><\/strong>, es un lugar de encuentro donde se re\u00fanen personas con intereses similares, para realizar una aventura a trav\u00e9s del arte de las palabras; donde los participantes incrementan su gozo en el h\u00e1bito de la lectura, y descubren o redescubren el lenguaje escrito como una forma de expresi\u00f3n creativa y l\u00fadica personal; donde comprenden la importancia del trabajo individual y en equipo, y ese profundo respeto y tolerancia a la diversidad de pensamientos y formas de expresi\u00f3n de sus compa\u00f1eros.<\/p>\n\n\n\n<p><strong>Y por qu\u00e9 TINTA LIBRE:&nbsp;<\/strong><\/p>\n\n\n\n<p>Para que todos y cada uno de los y las talleristas se expresen con libertad, con esa facultad que tiene todo ser humano de actuar o no actuar seg\u00fan su antojo e inteligencia. Donde no existe la obligaci\u00f3n, ni se est\u00e1 prisionero o sujeto a otro, y mucho menos preso de s\u00ed mismo.&nbsp; Es conducir la pluma con la m\u00e1xima confianza, franqueza, familiaridad y desnudez posibles; es sacar a pasear el coraz\u00f3n a la intemperie y plasmarlo sobre el papel.&nbsp; Es, a fin de cuentas, quitarse los miedos de encima y decir, con la palabra escrita, lo que nos venga en gana.&nbsp;<\/p>\n\n\n\n<p>Y hablo del miedo, porque seguramente todos han querido escribir o han escrito un poema y lo tienen escondido. O de ese otro miedo de quienes escribimos y de repente nos enfrentamos con la temida hoja en blanco. Del miedo a equivocarnos, de los prejuicios, del miedo a hacer el rid\u00edculo, c\u00f3mo si no lo hici\u00e9semos sin necesidad de escribir. Tiremos eso a la basura e intentemos ser \u00fanicos, francos y fieles a nosotros mism@s. S\u00f3lo as\u00ed encontraremos nuestra voz. El tono y la manera de enfrentarnos a las letras. No como un pugilato. Sino como un vals, un danz\u00f3n o un <em>rap<\/em>, lo que prefieran.&nbsp; Bailar con la palabras, lograr que sean nuestras amigas, escuchar su m\u00fasica, la que nos invade los sentidos y enamorarnos de lo que escribimos hasta la obsesi\u00f3n.&nbsp; As\u00ed, como el amor. Maravilloso. Cruel. Generoso. Necio. Insensible. Tr\u00e1gico. Desalmado. Extraordinario\u2026<\/p>\n\n\n\n<p><strong>Y por qu\u00e9 ESCRIBIR POES\u00cdA:<\/strong><\/p>\n\n\n\n<p>Porque el coraz\u00f3n ha de plasmarse sobre el papel, s\u00ed, pero a trav\u00e9s de la aventura con la m\u00fasica de las palabras que es la <strong>poes\u00eda<\/strong>. Donde formas y contenidos son inseparables. Donde descubrimos que la realidad po\u00e9tica o lo po\u00e9tico<strong>, <\/strong>esese instante de profundo misterio que habita en el mundo que nos rodea, o en nuestro mundo interior que nos impacta.<\/p>\n\n\n\n<p>El <strong>poema<\/strong>, es su forma, es la representaci\u00f3n del estado del alma del poeta cuando es tocada por esta incomprensible experiencia. La conciencia de ese estado espiritual y la voluntad de entender qu\u00e9 ha ocurrido con nosotros, es lo que nos lleva a escribir.&nbsp; Los poemas son resultado de un entendimiento que tiene m\u00e1s de intuici\u00f3n que de conocimiento.&nbsp; As\u00ed, los corajes o las alegr\u00edas, los recuerdos y las nostalgias, nuestros duelos, sensualidades y erotismo, pueden ser vertidos en un poema. A fin de cuentas, lo po\u00e9tico seguir\u00e1 siendo la cara oculta del mundo. Un mundo et\u00e9reo pero inmanente, que se manifiesta en ocasiones, trastornando los cimientos de la realidad. Tal vez la poes\u00eda sea el recuento de las veces en que el mundo material y el mundo espiritual de hombres y mujeres, han confluido.<br><br><\/p>\n\n\n\n<p><strong>La Poes\u00eda es conocimiento, es vocaci\u00f3n y es oficio.&nbsp;<\/strong><\/p>\n\n\n\n<p>Como nos dice el poeta Vicente Huidobro: <em>La poes\u00eda es el vocablo virgen de todo prejuicio; el verbo creado y creador, la palabra reci\u00e9n nacida. Ella se desarrolla en el alba primera del mundo. Su precisi\u00f3n, no consiste en denominar las cosas, sino en no alejarse del alba. <\/em>A diferencia de la ciencia o de la prosa, la poes\u00eda parece obedecer s\u00f3lo a ciertas leyes: sus propias leyes. En suma, la poes\u00eda es indefinible.<\/p>\n\n\n\n<p><strong>Y los y las poetas<\/strong> <strong>crean<\/strong>, no el mundo que existe, sino el que debiera existir. Tienen derecho a ver una flor que anda, o a un reba\u00f1o de ovejas atravesando el arco iris. Y hacen cambiar de vida a las cosas de la naturaleza, tienden hilos el\u00e9ctricos entre las palabras y alumbran rincones desconocidos con sus poemas.&nbsp;<\/p>\n\n\n\n<p>Cada <strong>poema<\/strong> es una unidad aut\u00f3noma e independiente, y s\u00f3lo dependiente del poeta. Es un ideal perseguido o una realidad conseguida. De nuevo, como en el amor, el primer impulso interior te lleva a escribir o a enamorarte, pero luego hay que reflexionar ytrabajar ese amor o esa creaci\u00f3n po\u00e9tica. Y a esto le llamamos, <strong>artesan\u00eda del poema<\/strong>. Que no es otra cosa sino el trabajo y la lucha con las palabras para lograr comunicar lo que queremos comunicar, para ser eficaces al expresar lo que queremos expresar, sin contradicciones, sin p\u00e9rdidas de sujeto, con im\u00e1genes certeras, fluidas, bellas e incluso espantosas.<\/p>\n\n\n\n<p>El gran poeta chileno, <strong>Pablo Neruda,<\/strong> se designaba a s\u00ed mismo &#8220;poeta carpintero&#8221; por el gusto de utilizar elementos naturales y construir paisajes \u00fatiles a su visi\u00f3n po\u00e9tica, y sobre todo, porque trabajaba los versos con cuidado y con artima\u00f1a.<\/p>\n\n\n\n<p>Cada poeta, cada escritor y escritora, tienen que dedicarse como artesanos a buscar en las palabras la utilidad para sus fines, y las formas que mejor manifiesten el significado que intentan significar. Ser\u00e1 cosa propia del poeta encontrar un estilo, su voz, o las reglas generales que le guiar\u00e1n a la expresi\u00f3n \u00f3ptima para cada poema.&nbsp; Pero lo importante es no temer a la contaminaci\u00f3n del verso por el trabajo artesanal de los poemas. Por ello es que existen los poetas, para trabajar los versos, y esculpir su mejor obra en el m\u00e1rmol del artificio ling\u00fc\u00edstico.<\/p>\n\n\n\n<p>Y si el mayor deseo de algunos es escribir, h\u00e1ganlo, es probable que sea su <strong>VOCACI\u00d3N<\/strong>, el llamado, la mayor de sus aptitudes, un don que les otorga facilidad, propensi\u00f3n y gusto por realizar algo. La vocaci\u00f3n es un acontecimiento misterioso en la vida de cada quien, donde se adquiere conciencia de una misi\u00f3n. La vocaci\u00f3n simplemente acontece. Por ello es preciso descubrirla, discernirla, disponerse para entrar en di\u00e1logo con ella. La vocaci\u00f3n ilumina, da claridad y seguridad para actuar, da sentido luminoso al camino de la vida. Si aman escribir y desean hacerlo, es un llamado, esc\u00fachenlo, escriban. No olviden que la comunicaci\u00f3n es el cimiento de las relaciones entre los seres humanos. Y la comunicaci\u00f3n escrita es parte de su historia. Con el trabajo de quienes escribimos, se construye la casa de palabras que la literatura nos regala.<\/p>\n\n\n\n<p>En nuestro caso<strong>, <\/strong>el<strong> <em>Taller Tinta Libre: para crear tu libro de poemas<\/em><\/strong>, intenta ser un sitio de encuentro m\u00e1gico para motivar y lograr que las palabras recuperen su esencia a trav\u00e9s de la imaginaci\u00f3n creativa de sus participantes. Que los y las talleristas se expresen y comuniquen a trav\u00e9s de los instrumentales t\u00e9cnicos y los recursos id\u00f3neos para revisar y corregir sus trabajos. La finalidad es que desarrollen un conjunto de herramientas propias para escribir y confiar en su autocr\u00edtica. El taller, como dice el dicho casi proverbial, <em>no ofrece el pescado, sino ense\u00f1a a pescarlo.<\/em><\/p>\n\n\n\n<p>Como resultado del trabajo de <em>tallerear<\/em> los poemas, los participantes luchan con las palabras, se adue\u00f1an de ellas, las cambian, las borran y las reescriben en sus textos. Es un gusto enorme apreciar los poemas que surgen de estos trabajos y darnos cuenta de que cada persona es potencialmente un ser creador, en nuestro caso, un ser literario, y en el acto creativo, la \u00fanica condici\u00f3n suficiente para escribir es: atreverse a ejercer la libertad.<\/p>\n\n\n\n<p>Esta aventura creativa con la <em>m\u00fasica de las palabras, <\/em>se dirige a personas que se acercan por primera vez al lenguaje de la poes\u00eda, o&nbsp;para quienes han escrito hace tiempo y desean mejorar su escritura e incluso comenzar un poemario. Las sesiones aportan conocimientos b\u00e1sicos de la preceptiva po\u00e9tica a trav\u00e9s de los cuales l@s talleristas mirar\u00e1n sus textos con una visi\u00f3n distinta y con el fin de que adquieran, paso a paso, los recursos id\u00f3neos para revisar y corregir sus propios trabajos.&nbsp;<\/p>\n\n\n\n<p>Como objetivo fundamental se propone que los participantes desarrollen bases para preparar su primer libro de poemas (o un segundo o tercer libro) y dirigirles y apoyarles en la edici\u00f3n y publicaci\u00f3n de su libro.<\/p>\n\n\n\n<p>Hasta el momento y desde el a\u00f1o 2018, ha sido posible publicar a ocho talleristas con su libro individual y doce voces m\u00e1s en un libro colectivo. Todos ellos y ellas, despu\u00e9s de atravesar el taller y atreverse a salir a la luz con sus publicaciones.<\/p>\n\n\n\n<p><strong>ANDREA MONTIEL<\/strong><\/p>\n\n\n\n<p>coordinadora del taller<\/p>\n\n\n\n<hr class=\"wp-block-separator\"\/>\n\n\n<style type=\"text\/css\" scoped>.rbs_gallery_69ef4f16b07efSpinner{\r\n\t\t\t\tmargin: 50px auto;\r\n\t\t\t\twidth: 50px;\r\n\t\t\t\theight: 40px;\r\n\t\t\t\ttext-align: center;\r\n\t\t\t\tfont-size: 10px;\r\n\t\t\t}\r\n\t\t\t.rbs_gallery_69ef4f16b07efSpinner > div{\r\n\t\t\t  background-color: #333;\r\n\t\t\t  height: 100%;\r\n\t\t\t  width: 6px;\r\n\t\t\t  display: inline-block;\r\n\t\t\t  -webkit-animation: rbs_gallery_69ef4f16b07ef-stretchdelay 1.2s infinite ease-in-out;\r\n\t\t\t  animation: rbs_gallery_69ef4f16b07ef-stretchdelay 1.2s infinite ease-in-out;\r\n\t\t\t}\r\n\t\t\t.rbs_gallery_69ef4f16b07efSpinner .rbs_gallery_69ef4f16b07efRect2 {\r\n\t\t\t  -webkit-animation-delay: -1.1s;\r\n\t\t\t  animation-delay: -1.1s;\r\n\t\t\t}\r\n\t\t\t.rbs_gallery_69ef4f16b07efSpinner .rbs_gallery_69ef4f16b07efRect3 {\r\n\t\t\t  -webkit-animation-delay: -1.0s;\r\n\t\t\t  animation-delay: -1.0s;\r\n\t\t\t}\r\n\t\t\t.rbs_gallery_69ef4f16b07efSpinner .rbs_gallery_69ef4f16b07efRect4 {\r\n\t\t\t  -webkit-animation-delay: -0.9s;\r\n\t\t\t  animation-delay: -0.9s;\r\n\t\t\t}\r\n\t\t\t.rbs_gallery_69ef4f16b07efSpinner .rbs_gallery_69ef4f16b07efRect5 {\r\n\t\t\t  -webkit-animation-delay: -0.8s;\r\n\t\t\t  animation-delay: -0.8s;\r\n\t\t\t}\r\n\t\t\t@-webkit-keyframes rbs_gallery_69ef4f16b07ef-stretchdelay {\r\n\t\t\t  0%, 40%, 100% { -webkit-transform: scaleY(0.4) }  \r\n\t\t\t  20% { -webkit-transform: scaleY(1.0) }\r\n\t\t\t}\r\n\t\t\t@keyframes rbs_gallery_69ef4f16b07ef-stretchdelay {\r\n\t\t\t  0%, 40%, 100% { \r\n\t\t\t    transform: scaleY(0.4);\r\n\t\t\t    -webkit-transform: scaleY(0.4);\r\n\t\t\t  }  20% { \r\n\t\t\t    transform: scaleY(1.0);\r\n\t\t\t    -webkit-transform: scaleY(1.0);\r\n\t\t\t  }\r\n\t\t\t}\r\n\t\t<\/style><div class=\"robo-gallery-wrap robo-gallery-wrap-id2644 robo-gallery-mosaic\" ><div id=\"rbs_gallery_69ef4f16b07ef-block-loader\" class=\"rbs_gallery_69ef4f16b07efSpinner\"><div class=\"rbs_gallery_69ef4f16b07efRect1\"><\/div> <div class=\"rbs_gallery_69ef4f16b07efRect2\"><\/div> <div class=\"rbs_gallery_69ef4f16b07efRect3\"><\/div> <div class=\"rbs_gallery_69ef4f16b07efRect4\"><\/div> <div class=\"rbs_gallery_69ef4f16b07efRect5\"><\/div><\/div><div id=\"robo_gallery_main_block_rbs_gallery_69ef4f16b07ef\" class=\"robogallery-gallery-2644\" style=\"width:100%;  display: none;\"><div id=\"rbs_gallery_69ef4f16b07ef\" data-options=\"rbs_gallery_69ef4f16b07ef\" style=\"width:100%;\" class=\"robo_gallery  \"><div class=\"rbs-img  category2644 \"  data-columns=\"4\" ><div class=\"rbs-img-image   rbs-lightbox \" ><div class=\"rbs-img-thumbs\"  data-thumbnail=\"https:\/\/andreamontiel.mx\/wp-content\/uploads\/2021\/10\/01-Los-dias-conmigo-forros-final-copia-1024x354.jpg\"  title=\"01-Los-d\u00edas-conmigo-forros-final-copia\"  data-width=\"1024\"  data-height=\"354\" ><\/div><div class=\"rbs-img-data-popup\"  data-popup=\"https:\/\/andreamontiel.mx\/wp-content\/uploads\/2021\/10\/01-Los-dias-conmigo-forros-final-copia.jpg\"  title=\"01-Los-d\u00edas-conmigo-forros-final-copia\" ><\/div><div class=\"thumbnail-overlay\"><div class=\"rbsIcons\"><i class=\"fa fa-image rbsZoomIcon \" ><\/i><\/div><\/div><\/div><\/div><div class=\"rbs-img  category2644 \" ><div class=\"rbs-img-image   rbs-lightbox \" ><div class=\"rbs-img-thumbs\"  data-thumbnail=\"https:\/\/andreamontiel.mx\/wp-content\/uploads\/2021\/10\/02-Romancero-ciudadano-forros-01-copia-1024x354.jpg\"  title=\"02-Romancero-ciudadano-forros-01-copia\"  data-width=\"1024\"  data-height=\"354\" ><\/div><div class=\"rbs-img-data-popup\"  data-popup=\"https:\/\/andreamontiel.mx\/wp-content\/uploads\/2021\/10\/02-Romancero-ciudadano-forros-01-copia.jpg\"  title=\"02-Romancero-ciudadano-forros-01-copia\" ><\/div><div class=\"thumbnail-overlay\"><div class=\"rbsIcons\"><i class=\"fa fa-image rbsZoomIcon \" ><\/i><\/div><\/div><\/div><\/div><div class=\"rbs-img  category2644 \" ><div class=\"rbs-img-image   rbs-lightbox \" ><div class=\"rbs-img-thumbs\"  data-thumbnail=\"https:\/\/andreamontiel.mx\/wp-content\/uploads\/2021\/10\/03-Cuando-callo-mi-cuerpo-habla-forros-cubiertas-01-copia-1024x354.jpg\"  title=\"03-Cuando-callo-mi-cuerpo-habla-forros-cubiertas-01-copia\"  data-width=\"1024\"  data-height=\"354\" ><\/div><div class=\"rbs-img-data-popup\"  data-popup=\"https:\/\/andreamontiel.mx\/wp-content\/uploads\/2021\/10\/03-Cuando-callo-mi-cuerpo-habla-forros-cubiertas-01-copia.jpg\"  title=\"03-Cuando-callo-mi-cuerpo-habla-forros-cubiertas-01-copia\" ><\/div><div class=\"thumbnail-overlay\"><div class=\"rbsIcons\"><i class=\"fa fa-image rbsZoomIcon \" ><\/i><\/div><\/div><\/div><\/div><div class=\"rbs-img  category2644 \" ><div class=\"rbs-img-image   rbs-lightbox \" ><div class=\"rbs-img-thumbs\"  data-thumbnail=\"https:\/\/andreamontiel.mx\/wp-content\/uploads\/2021\/10\/04-Cuna-de-instantes-FORROS-01-copia-1024x354.jpg\"  title=\"04-Cuna-de-instantes-FORROS-01-copia\"  data-width=\"1024\"  data-height=\"354\" ><\/div><div class=\"rbs-img-data-popup\"  data-popup=\"https:\/\/andreamontiel.mx\/wp-content\/uploads\/2021\/10\/04-Cuna-de-instantes-FORROS-01-copia.jpg\"  title=\"04-Cuna-de-instantes-FORROS-01-copia\" ><\/div><div class=\"thumbnail-overlay\"><div class=\"rbsIcons\"><i class=\"fa fa-image rbsZoomIcon \" ><\/i><\/div><\/div><\/div><\/div><div class=\"rbs-img  category2644 \"  data-columns=\"3\" ><div class=\"rbs-img-image   rbs-lightbox \" ><div class=\"rbs-img-thumbs\"  data-thumbnail=\"https:\/\/andreamontiel.mx\/wp-content\/uploads\/2021\/10\/05-A-todo-riesgo-forros-FINAL-01-01-copia-1024x354.jpg\"  title=\"05-A-todo-riesgo-forros-FINAL-01-01-copia\"  data-width=\"1024\"  data-height=\"354\" ><\/div><div class=\"rbs-img-data-popup\"  data-popup=\"https:\/\/andreamontiel.mx\/wp-content\/uploads\/2021\/10\/05-A-todo-riesgo-forros-FINAL-01-01-copia.jpg\"  title=\"05-A-todo-riesgo-forros-FINAL-01-01-copia\" ><\/div><div class=\"thumbnail-overlay\"><div class=\"rbsIcons\"><i class=\"fa fa-image rbsZoomIcon \" ><\/i><\/div><\/div><\/div><\/div><div class=\"rbs-img  category2644 \" ><div class=\"rbs-img-image   rbs-lightbox \" ><div class=\"rbs-img-thumbs\"  data-thumbnail=\"https:\/\/andreamontiel.mx\/wp-content\/uploads\/2021\/10\/06-Paroxismo-forros-01-01-copia-1024x526.jpg\"  title=\"06-Paroxismo-forros-01-01-copia\"  data-width=\"1024\"  data-height=\"526\" ><\/div><div class=\"rbs-img-data-popup\"  data-popup=\"https:\/\/andreamontiel.mx\/wp-content\/uploads\/2021\/10\/06-Paroxismo-forros-01-01-copia.jpg\"  title=\"06-Paroxismo-forros-01-01-copia\" ><\/div><div class=\"thumbnail-overlay\"><div class=\"rbsIcons\"><i class=\"fa fa-image rbsZoomIcon \" ><\/i><\/div><\/div><\/div><\/div><div class=\"rbs-img  category2644 \" ><div class=\"rbs-img-image   rbs-lightbox \" ><div class=\"rbs-img-thumbs\"  data-thumbnail=\"https:\/\/andreamontiel.mx\/wp-content\/uploads\/2021\/10\/07-Relatos-poeticos-forros-version-final-imprenta-01-01-copia-1024x526.jpg\"  title=\"07-Relatos-po\u00e9ticos-forros-versi\u00f3n-final-imprenta-01-01-copia\"  data-width=\"1024\"  data-height=\"526\" ><\/div><div class=\"rbs-img-data-popup\"  data-popup=\"https:\/\/andreamontiel.mx\/wp-content\/uploads\/2021\/10\/07-Relatos-poeticos-forros-version-final-imprenta-01-01-copia.jpg\"  title=\"07-Relatos-po\u00e9ticos-forros-versi\u00f3n-final-imprenta-01-01-copia\" ><\/div><div class=\"thumbnail-overlay\"><div class=\"rbsIcons\"><i class=\"fa fa-image rbsZoomIcon \" ><\/i><\/div><\/div><\/div><\/div><div class=\"rbs-img  category2644 \" ><div class=\"rbs-img-image   rbs-lightbox \" ><div class=\"rbs-img-thumbs\"  data-thumbnail=\"https:\/\/andreamontiel.mx\/wp-content\/uploads\/2021\/10\/08-REPLIEGUE-DE-LOS-ESPEJOS-FERNANDO-DIAZ-CID-2021-copia-2-1024x566.jpg\"  title=\"08-REPLIEGUE-DE-LOS-ESPEJOS-FERNANDO-D\u00cdAZ-CID-2021---copia-2\"  data-width=\"1024\"  data-height=\"566\" ><\/div><div class=\"rbs-img-data-popup\"  data-popup=\"https:\/\/andreamontiel.mx\/wp-content\/uploads\/2021\/10\/08-REPLIEGUE-DE-LOS-ESPEJOS-FERNANDO-DIAZ-CID-2021-copia-2.jpg\"  title=\"08-REPLIEGUE-DE-LOS-ESPEJOS-FERNANDO-D\u00cdAZ-CID-2021---copia-2\" ><\/div><div class=\"thumbnail-overlay\"><div class=\"rbsIcons\"><i class=\"fa fa-image rbsZoomIcon \" ><\/i><\/div><\/div><\/div><\/div><\/div><\/div><\/div><script>var rbs_gallery_69ef4f16b07ef = {\"version\":\"3.2.18\",\"id\":2644,\"class\":\"id2644\",\"roboGalleryDelay\":1000,\"mainContainer\":\"#robo_gallery_main_block_rbs_gallery_69ef4f16b07ef\",\"loadingContainer\":\"#rbs_gallery_69ef4f16b07ef-block-loader\",\"loadingContainerObj\":\"rbs_gallery_69ef4f16b07ef-block-loader\",\"columnWidth\":\"auto\",\"columns\":8,\"resolutions\":[{\"columnWidth\":\"auto\",\"columns\":3,\"maxWidth\":960},{\"columnWidth\":\"auto\",\"columns\":2,\"maxWidth\":650},{\"columnWidth\":\"auto\",\"columns\":1,\"maxWidth\":450}],\"lightboxOptions\":{\"gallery\":{\"enabled\":true,\"tCounter\":\"%curr% of %total%\"}},\"borderSize\":5,\"overlayEffect\":\"direction-aware-fade\",\"boxesToLoadStart\":20,\"boxesToLoad\":8,\"waitUntilThumbLoads\":1,\"LoadingWord\":\"Loading...\",\"loadMoreWord\":\"Load More\",\"noMoreEntriesWord\":\"No More Entries\",\"horizontalSpaceBetweenBoxes\":15,\"verticalSpaceBetweenBoxes\":15,\"lazyLoad\":1,\"wrapContainer\":\"#robo-gallery-wrap-rbs_gallery_69ef4f16b07ef\"};<\/script>","protected":false},"excerpt":{"rendered":"<p>Mi Taller Tinta Libre: para crear tu libro de poemas, es un lugar de encuentro donde se re\u00fanen personas con intereses similares, para realizar una aventura a trav\u00e9s del arte de las palabras; donde los participantes incrementan su gozo en el h\u00e1bito de la lectura, y descubren o redescubren el lenguaje escrito como una forma [&hellip;]<\/p>\n","protected":false},"author":2,"featured_media":516,"comment_status":"closed","ping_status":"closed","sticky":false,"template":"","format":"standard","meta":{"footnotes":""},"categories":[45],"tags":[50,54,53,48,46,51,49,52,47],"aioseo_notices":[],"_links":{"self":[{"href":"https:\/\/andreamontiel.mx\/index.php?rest_route=\/wp\/v2\/posts\/2642"}],"collection":[{"href":"https:\/\/andreamontiel.mx\/index.php?rest_route=\/wp\/v2\/posts"}],"about":[{"href":"https:\/\/andreamontiel.mx\/index.php?rest_route=\/wp\/v2\/types\/post"}],"author":[{"embeddable":true,"href":"https:\/\/andreamontiel.mx\/index.php?rest_route=\/wp\/v2\/users\/2"}],"replies":[{"embeddable":true,"href":"https:\/\/andreamontiel.mx\/index.php?rest_route=%2Fwp%2Fv2%2Fcomments&post=2642"}],"version-history":[{"count":3,"href":"https:\/\/andreamontiel.mx\/index.php?rest_route=\/wp\/v2\/posts\/2642\/revisions"}],"predecessor-version":[{"id":2693,"href":"https:\/\/andreamontiel.mx\/index.php?rest_route=\/wp\/v2\/posts\/2642\/revisions\/2693"}],"wp:featuredmedia":[{"embeddable":true,"href":"https:\/\/andreamontiel.mx\/index.php?rest_route=\/wp\/v2\/media\/516"}],"wp:attachment":[{"href":"https:\/\/andreamontiel.mx\/index.php?rest_route=%2Fwp%2Fv2%2Fmedia&parent=2642"}],"wp:term":[{"taxonomy":"category","embeddable":true,"href":"https:\/\/andreamontiel.mx\/index.php?rest_route=%2Fwp%2Fv2%2Fcategories&post=2642"},{"taxonomy":"post_tag","embeddable":true,"href":"https:\/\/andreamontiel.mx\/index.php?rest_route=%2Fwp%2Fv2%2Ftags&post=2642"}],"curies":[{"name":"wp","href":"https:\/\/api.w.org\/{rel}","templated":true}]}}