{"id":307,"date":"2021-04-29T16:22:56","date_gmt":"2021-04-29T16:22:56","guid":{"rendered":"http:\/\/andreamontiel.mx\/?p=307"},"modified":"2021-11-11T17:54:06","modified_gmt":"2021-11-11T17:54:06","slug":"buenos-dias-mamabuenas-noches-papa","status":"publish","type":"post","link":"https:\/\/andreamontiel.mx\/?p=307","title":{"rendered":"Buenos D\u00edas mam\u00e1,buenas noches pap\u00e1"},"content":{"rendered":"\n<p class=\"has-text-align-center\"><strong>QUISIERA CONTARTE, MADRE &#8230;<\/strong><\/p>\n\n\n\n<div class=\"wp-block-group\"><div class=\"wp-block-group__inner-container is-layout-flow wp-block-group-is-layout-flow\">\n<p class=\"has-text-align-right\"><em>a mi madre<\/em><br><em>Rosa Rimoch<\/em><\/p>\n<\/div><\/div>\n\n\n\n<hr class=\"wp-block-separator\"\/>\n\n\n\n<pre class=\"wp-block-verse\"> \n Si yo te contara, madre, \n cu\u00e1nto dolor me has heredado\n cu\u00e1nta oquedad percibo entre los seres.\n \n Madre, \n tu carne en m\u00ed se ha prolongado\n pero tambi\u00e9n la pena de sabernos\n a todos tan distantes.\n \n Cuando de ni\u00f1a me prestabas tus ojos\n aprend\u00ed a caminar por tus recuerdos\n a deshilar el manto de tus sue\u00f1os.\n Y sabes, madre, \n nos parecemos desde siempre\n aunque los a\u00f1os nos separen.\n Tu rostro\n es el espejo donde podr\u00e9 mirar\n mi ancianidad de alg\u00fan ma\u00f1ana.\n Tus manos\n las manos que mantuvieron mis pasos\n por el tiempo.\n Tu voz\n la voz m\u00fasica en palabras que hoy grabo\n con tinta en mis papeles.\n Somos lo mismo, madre, \n mujeres en medio de la nada\n pariendo hijos\n estrellas\n llanto.\n Somos el fuego de una tarde\n en que la muerte vendr\u00e1\n para llevarnos.\n \n Tambi\u00e9n quisiera contarte, madre, \n de toda esta vida que t\u00fa me has heredado\n del gozo inexplicable que a mis ojos le cabe\n cuando miro la luna\n el mar\n las telara\u00f1as\n o cuando mi piel se eriza pudorosa.\n Por ti, madre, \n conozco la fiebre del deseo\n la candidez y la nostalgia.\n Por ti fui condenada\n a sobrevivir con esperanza\n y con esta soledad\n que todo lo acompa\u00f1a.\n T\u00fa bien sabes\n de esas sorpresas con que tu canto\n despert\u00f3 mis sienes\n aliment\u00e1ndome las fantas\u00edas\n creciendo en mis o\u00eddos hasta escuchar\n al Dios que tanto negu\u00e9\n por el camino.\n \n Y me dejaste libre\n al albedr\u00edo helado de mis d\u00edas.\n Y me dejaste sorda\n con tu voz que aprisionaba las magnolias\n en aquellos jardines que siempre quise\n cultivar con mis no hermanos.\n \n Ay madre, si yo te contara\n \u00a1cu\u00e1nto he caminado!\n \n Y en el trayecto donde t\u00fa me iniciaste\n sola\n encontr\u00e9 razones\n sin sentidos\n verdades a medias\n mentiras\n mi alma escandalosa\n amor\n distancias\n ansiedad ilimitada.\n Hoy sola\n sigo encontrando s\u00f3lo preguntas\n pasos lentos\n respuestas silenciosas\n y tu\u00a0 mejor herencia, madre, \n la deliciosa e inagotable incertidumbre\n de mis sue\u00f1os. \n \u00a0\n Andrea Montiel <\/pre>\n\n\n\n<blockquote class=\"wp-block-quote has-text-align-right\"><p>Andrea Montiel<\/p><\/blockquote>\n\n\n\n<hr class=\"wp-block-separator\"\/>\n\n\n\n<figure class=\"wp-block-gallery columns-2 is-cropped wp-block-gallery-1 is-layout-flex wp-block-gallery-is-layout-flex\"><ul class=\"blocks-gallery-grid\"><li class=\"blocks-gallery-item\"><figure><img loading=\"lazy\" decoding=\"async\" width=\"468\" height=\"644\" src=\"http:\/\/andreamontiel.mx\/wp-content\/uploads\/2021\/04\/buendiap.jpg\" alt=\"\" data-id=\"310\" data-full-url=\"http:\/\/andreamontiel.mx\/wp-content\/uploads\/2021\/04\/buendiap.jpg\" data-link=\"http:\/\/andreamontiel.mx\/?attachment_id=310\" class=\"wp-image-310\" srcset=\"https:\/\/andreamontiel.mx\/wp-content\/uploads\/2021\/04\/buendiap.jpg 468w, https:\/\/andreamontiel.mx\/wp-content\/uploads\/2021\/04\/buendiap-218x300.jpg 218w\" sizes=\"(max-width: 468px) 100vw, 468px\" \/><\/figure><\/li><li class=\"blocks-gallery-item\"><figure><img loading=\"lazy\" decoding=\"async\" width=\"419\" height=\"659\" src=\"http:\/\/andreamontiel.mx\/wp-content\/uploads\/2021\/04\/buendiac.jpg\" alt=\"\" data-id=\"309\" data-full-url=\"http:\/\/andreamontiel.mx\/wp-content\/uploads\/2021\/04\/buendiac.jpg\" data-link=\"http:\/\/andreamontiel.mx\/?attachment_id=309\" class=\"wp-image-309\" srcset=\"https:\/\/andreamontiel.mx\/wp-content\/uploads\/2021\/04\/buendiac.jpg 419w, https:\/\/andreamontiel.mx\/wp-content\/uploads\/2021\/04\/buendiac-191x300.jpg 191w\" sizes=\"(max-width: 419px) 100vw, 419px\" \/><\/figure><\/li><\/ul><\/figure>\n","protected":false},"excerpt":{"rendered":"<p>QUISIERA CONTARTE, MADRE &#8230; a mi madreRosa Rimoch Si yo te contara, madre, cu\u00e1nto dolor me has heredado cu\u00e1nta oquedad percibo entre los seres. Madre, tu carne en m\u00ed se ha prolongado pero tambi\u00e9n la pena de sabernos a todos tan distantes. Cuando de ni\u00f1a me prestabas tus ojos aprend\u00ed a caminar por tus recuerdos [&hellip;]<\/p>\n","protected":false},"author":2,"featured_media":310,"comment_status":"closed","ping_status":"closed","sticky":false,"template":"","format":"standard","meta":{"footnotes":""},"categories":[19,22],"tags":[50,54,53,48,46,51,49,52,47],"aioseo_notices":[],"_links":{"self":[{"href":"https:\/\/andreamontiel.mx\/index.php?rest_route=\/wp\/v2\/posts\/307"}],"collection":[{"href":"https:\/\/andreamontiel.mx\/index.php?rest_route=\/wp\/v2\/posts"}],"about":[{"href":"https:\/\/andreamontiel.mx\/index.php?rest_route=\/wp\/v2\/types\/post"}],"author":[{"embeddable":true,"href":"https:\/\/andreamontiel.mx\/index.php?rest_route=\/wp\/v2\/users\/2"}],"replies":[{"embeddable":true,"href":"https:\/\/andreamontiel.mx\/index.php?rest_route=%2Fwp%2Fv2%2Fcomments&post=307"}],"version-history":[{"count":4,"href":"https:\/\/andreamontiel.mx\/index.php?rest_route=\/wp\/v2\/posts\/307\/revisions"}],"predecessor-version":[{"id":2289,"href":"https:\/\/andreamontiel.mx\/index.php?rest_route=\/wp\/v2\/posts\/307\/revisions\/2289"}],"wp:featuredmedia":[{"embeddable":true,"href":"https:\/\/andreamontiel.mx\/index.php?rest_route=\/wp\/v2\/media\/310"}],"wp:attachment":[{"href":"https:\/\/andreamontiel.mx\/index.php?rest_route=%2Fwp%2Fv2%2Fmedia&parent=307"}],"wp:term":[{"taxonomy":"category","embeddable":true,"href":"https:\/\/andreamontiel.mx\/index.php?rest_route=%2Fwp%2Fv2%2Fcategories&post=307"},{"taxonomy":"post_tag","embeddable":true,"href":"https:\/\/andreamontiel.mx\/index.php?rest_route=%2Fwp%2Fv2%2Ftags&post=307"}],"curies":[{"name":"wp","href":"https:\/\/api.w.org\/{rel}","templated":true}]}}