{"id":48,"date":"2021-04-21T16:10:19","date_gmt":"2021-04-21T16:10:19","guid":{"rendered":"http:\/\/andreamontiel.mx\/?p=48"},"modified":"2021-11-11T17:53:39","modified_gmt":"2021-11-11T17:53:39","slug":"desde-la-luz-primera-2","status":"publish","type":"post","link":"https:\/\/andreamontiel.mx\/?p=48","title":{"rendered":"&#8230;Desde la luz primera"},"content":{"rendered":"\n<div class=\"wp-block-media-text alignwide is-stacked-on-mobile is-vertically-aligned-top has-black-color has-text-color has-background\" style=\"background-color:#ddd2ba\"><figure class=\"wp-block-media-text__media\"><img loading=\"lazy\" decoding=\"async\" width=\"1024\" height=\"835\" src=\"http:\/\/andreamontiel.mx\/wp-content\/uploads\/2021\/04\/hojaoto-1-1024x835.jpg\" alt=\"\" class=\"wp-image-23 size-full\" srcset=\"https:\/\/andreamontiel.mx\/wp-content\/uploads\/2021\/04\/hojaoto-1-1024x835.jpg 1024w, https:\/\/andreamontiel.mx\/wp-content\/uploads\/2021\/04\/hojaoto-1-600x489.jpg 600w, https:\/\/andreamontiel.mx\/wp-content\/uploads\/2021\/04\/hojaoto-1-300x245.jpg 300w, https:\/\/andreamontiel.mx\/wp-content\/uploads\/2021\/04\/hojaoto-1-768x626.jpg 768w, https:\/\/andreamontiel.mx\/wp-content\/uploads\/2021\/04\/hojaoto-1-1536x1252.jpg 1536w, https:\/\/andreamontiel.mx\/wp-content\/uploads\/2021\/04\/hojaoto-1-1200x978.jpg 1200w, https:\/\/andreamontiel.mx\/wp-content\/uploads\/2021\/04\/hojaoto-1.jpg 1920w\" sizes=\"(max-width: 1024px) 100vw, 1024px\" \/><\/figure><div class=\"wp-block-media-text__content\">\n<p>Me vio nacer el oto\u00f1o, en el \u00faltimo d\u00eda del mes de noviembre, dicen que a esas fechas pertenecen los sagitarios, los de la flecha puntual y certera, los que se sienten libres y no pueden atraparles tan f\u00e1cilmente.&nbsp;Deber\u00edamos tener como elemento el viento, pero no es as\u00ed, dicen que somos fuego. Tal vez por esto soy amante fogosa del arte, de la m\u00fasica y sobre todo de la m\u00fasica de las palabras que es la POES\u00cdA.<\/p>\n\n\n\n<p><br>Escribo, escribo, escribo: poemas, cuentos, ensayos, art\u00edculos sobre alg\u00fan tema actual, y para sobrevivir hago guiones, elaboro biograf\u00edas de quienes est\u00e1n interesados en escribir su historia de vida, notas de programas para pintores, escultores, fot\u00f3grafos, m\u00fasicos y m\u00e1s. Tengo un taller al que he nombrado TINTA LIBRE: <em>Escribir poes\u00eda<\/em>, para compartir la tinta, las palabras y la libertad de la escritura.<\/p>\n\n\n\n<p>Yo no escog\u00ed el sitio de mi nacimiento. Sucedi\u00f3 que fue en la Ciudad de M\u00e9xico, y aunque soy hija del asfalto, el tr\u00e1nsito, las aglomeraciones y las banquetas, amo el mar, las monta\u00f1as, el campo, los \u00e1rboles, a las personas sensibles, las chimeneas, el vino tinto, los perros, los caballos y de manera especial a las catarinas.<\/p>\n\n\n\n<p><br>Amo con pasi\u00f3n la m\u00fasica. Soy hija de dos hacedores de m\u00fasica, la cl\u00e1sica y la \u00f3pera, el piano y el bel canto. Fue por herencia, la de mis padres, Armando Montiel Olvera y Rosita Rimoch. Ellos me ense\u00f1aron a estar en favor de la locura creativa y a amar a Puccini, Verdi, Mascagni, a Vivaldi, a Brahms, a Piazzolla. La m\u00fasica tropical tambi\u00e9n la amo, me pone de buen humor, me dan ganas de bailar. El Jazz me parece el m\u00e1s sensual de los g\u00e9neros, lo adoro, me erotiza, me hace sentir tan viva que puedo escucharlo muchas horas, gozarlo, \u00edntimamente, p\u00fablicamente, con ruidos alrededor o en silencio. Y de manera especial, amo el saxof\u00f3n, sobre todo el de Ben Webster. Tambi\u00e9n medito. En soledad busco la paz que solo mi galaxia entiende, y entonces escucho m\u00fasica zen y guardo silencio.<\/p>\n\n\n\n<p>Amo el buen cine, mas no las pel\u00edculas. Filmes de directores como Ingmar Bergman, Scorcese, Gonz\u00e1lez I\u00f1\u00e1rritu, Almod\u00f3var, tan s\u00f3lo por mencionar algunos.&nbsp; Tambi\u00e9n amo el teatro, buenas obras y espl\u00e9ndidos actores. \u00a1Ah! y viajar. He viajado mucho, s\u00ed, pero aun quiero conocer los sitios m\u00e1s rec\u00f3nditos del planeta donde habito, sus paisajes, sus comidas, su gente, su idioma, sus costumbres y sus ma\u00f1as. Sus secretos.<\/p>\n\n\n\n<p>Los libros, son mis mejores amigos, leo y releo Cartas a un joven poeta de Rilke, toda la poes\u00eda de Neruda, Girondo, Pessoa, Huidobro, Aleixandre, Pellicer; novelistas como Vergilio Ferreira Julio Cort\u00e1zar, Clarise Lispector, y m\u00e1s, m\u00e1s.&nbsp; Me encanta subrayar las palabras, las ideas, p\u00e1rrafos enteros que resuenan en m\u00ed como ecos, como algo que uno ya sabe pero alguien m\u00e1s lo expres\u00f3 primero. Todos mis libros est\u00e1n marcados, subrayados, ning\u00fan autor se escapa, excepto los diccionarios. A veces estoy en total acuerdo, o discuto con sus ideas con comentarios al margen de la hoja.<\/p>\n\n\n\n<p>Mi PROFESI\u00d3N es la Psicolog\u00eda, e insist\u00ed en estudiar cursando una maestr\u00eda en Psicolog\u00eda Social, pero mi VOCACI\u00d3N es la escritura. Tengo una necedad tal por escribir, que me ha hecho publicar y publicar. Desde ni\u00f1a cargo conmigo una peque\u00f1a carpetita donde anotarlo todo, donde luchar con las palabras hasta decir algo que comience a valer la pena.<\/p>\n\n\n\n<p>Me gustan los inciensos, las velas, las campanas, los seres sensibles e intensos, los artistas o quienes ven m\u00e1s all\u00e1 de lo visible. Me gusta el sonido de la lluvia y la lluvia misma. Amo la noche y el silencio.<\/p>\n\n\n\n<hr class=\"wp-block-separator\"\/>\n<\/div><\/div>\n","protected":false},"excerpt":{"rendered":"","protected":false},"author":2,"featured_media":0,"comment_status":"closed","ping_status":"closed","sticky":false,"template":"","format":"standard","meta":{"footnotes":""},"categories":[2],"tags":[50,54,53,48,46,51,49,52,47],"aioseo_notices":[],"_links":{"self":[{"href":"https:\/\/andreamontiel.mx\/index.php?rest_route=\/wp\/v2\/posts\/48"}],"collection":[{"href":"https:\/\/andreamontiel.mx\/index.php?rest_route=\/wp\/v2\/posts"}],"about":[{"href":"https:\/\/andreamontiel.mx\/index.php?rest_route=\/wp\/v2\/types\/post"}],"author":[{"embeddable":true,"href":"https:\/\/andreamontiel.mx\/index.php?rest_route=\/wp\/v2\/users\/2"}],"replies":[{"embeddable":true,"href":"https:\/\/andreamontiel.mx\/index.php?rest_route=%2Fwp%2Fv2%2Fcomments&post=48"}],"version-history":[{"count":5,"href":"https:\/\/andreamontiel.mx\/index.php?rest_route=\/wp\/v2\/posts\/48\/revisions"}],"predecessor-version":[{"id":2255,"href":"https:\/\/andreamontiel.mx\/index.php?rest_route=\/wp\/v2\/posts\/48\/revisions\/2255"}],"wp:attachment":[{"href":"https:\/\/andreamontiel.mx\/index.php?rest_route=%2Fwp%2Fv2%2Fmedia&parent=48"}],"wp:term":[{"taxonomy":"category","embeddable":true,"href":"https:\/\/andreamontiel.mx\/index.php?rest_route=%2Fwp%2Fv2%2Fcategories&post=48"},{"taxonomy":"post_tag","embeddable":true,"href":"https:\/\/andreamontiel.mx\/index.php?rest_route=%2Fwp%2Fv2%2Ftags&post=48"}],"curies":[{"name":"wp","href":"https:\/\/api.w.org\/{rel}","templated":true}]}}