{"id":554,"date":"2021-04-30T16:57:10","date_gmt":"2021-04-30T16:57:10","guid":{"rendered":"http:\/\/andreamontiel.mx\/?p=554"},"modified":"2021-11-11T17:54:36","modified_gmt":"2021-11-11T17:54:36","slug":"entre-el-pasado-del-caos-y-la-perfeccion-del-cosmos","status":"publish","type":"post","link":"https:\/\/andreamontiel.mx\/?p=554","title":{"rendered":"ENTRE EL PASADO DEL CAOS Y LA PERFECCI\u00d3N DEL COSMOS"},"content":{"rendered":"\n<div class=\"wp-block-image\"><figure class=\"aligncenter size-large\"><img loading=\"lazy\" decoding=\"async\" width=\"373\" height=\"299\" src=\"http:\/\/andreamontiel.mx\/wp-content\/uploads\/2021\/04\/amguardia.jpg\" alt=\"\" class=\"wp-image-555\" srcset=\"https:\/\/andreamontiel.mx\/wp-content\/uploads\/2021\/04\/amguardia.jpg 373w, https:\/\/andreamontiel.mx\/wp-content\/uploads\/2021\/04\/amguardia-300x240.jpg 300w\" sizes=\"(max-width: 373px) 100vw, 373px\" \/><\/figure><\/div>\n\n\n\n<p class=\"has-text-align-right has-normal-font-size\"><em><strong>a Ana Mar\u00eda Guardia<\/strong><\/em><\/p>\n\n\n\n<pre class=\"wp-block-verse\"> De la existencia y la sorpresa\n frente a la maravilla de la creaci\u00f3n\n surge el reencuentro con uno mismo.\n &nbsp;\n As\u00ed reencuentras la magia\n de sentirte viva\n entre el pasado del caos\n y la perfecci\u00f3n del cosmos.\n &nbsp;\n Te reencuentras\n durante el primer d\u00eda\n de un siete semanal:\n &nbsp;\n siete planetario\n d\u00eda del descanso\n &nbsp;\n siete fortaleza\n colores del arco iris\n &nbsp;\n siete rayos de sol\n centro y s\u00edntesis de las galaxias\n donde nacen siete continentes\n con su totalidad en movimiento\n &nbsp;\n siete cielos perfectos\n envoltorios sutiles del cuerpo\n y coordenadas c\u00f3smicas del hombre.\n &nbsp;\n Y tu pincel\n como un ojo entre los astros\n forja la uni\u00f3n de los contrarios\n unicidad fecundada en los lienzos\n &nbsp;\n siete consumaci\u00f3n y conciencia\n y el m\u00e1s poderoso de todos\n siete intuici\u00f3n\n en la brusca realidad que tiene el mundo.\n &nbsp;\n As\u00ed las siete pinceladas de tus sue\u00f1os\n los siete tiempos para evocar\n el macrocosmos y el parto de la tierra.\n &nbsp;\n As\u00ed para atreverte a invocar\n la creaci\u00f3n de las aguas\n hasta llegar al&nbsp; microcosmos\n contenido en un \u00e1rbol\n ramas de luz\n donde anidan las aves\n y la humanidad at\u00f3mica.\n &nbsp;\n As\u00ed t\u00fa\n en b\u00fasqueda del origen\n              de ti misma.\n &nbsp; <\/pre>\n","protected":false},"excerpt":{"rendered":"<p>a Ana Mar\u00eda Guardia De la existencia y la sorpresa frente a la maravilla de la creaci\u00f3n surge el reencuentro con uno mismo. &nbsp; As\u00ed reencuentras la magia de sentirte viva entre el pasado del caos y la perfecci\u00f3n del cosmos. &nbsp; Te reencuentras durante el primer d\u00eda de un siete semanal: &nbsp; siete planetario [&hellip;]<\/p>\n","protected":false},"author":2,"featured_media":555,"comment_status":"closed","ping_status":"closed","sticky":false,"template":"","format":"standard","meta":{"footnotes":""},"categories":[28,23],"tags":[50,54,53,48,46,51,49,52,47],"aioseo_notices":[],"_links":{"self":[{"href":"https:\/\/andreamontiel.mx\/index.php?rest_route=\/wp\/v2\/posts\/554"}],"collection":[{"href":"https:\/\/andreamontiel.mx\/index.php?rest_route=\/wp\/v2\/posts"}],"about":[{"href":"https:\/\/andreamontiel.mx\/index.php?rest_route=\/wp\/v2\/types\/post"}],"author":[{"embeddable":true,"href":"https:\/\/andreamontiel.mx\/index.php?rest_route=\/wp\/v2\/users\/2"}],"replies":[{"embeddable":true,"href":"https:\/\/andreamontiel.mx\/index.php?rest_route=%2Fwp%2Fv2%2Fcomments&post=554"}],"version-history":[{"count":2,"href":"https:\/\/andreamontiel.mx\/index.php?rest_route=\/wp\/v2\/posts\/554\/revisions"}],"predecessor-version":[{"id":2200,"href":"https:\/\/andreamontiel.mx\/index.php?rest_route=\/wp\/v2\/posts\/554\/revisions\/2200"}],"wp:featuredmedia":[{"embeddable":true,"href":"https:\/\/andreamontiel.mx\/index.php?rest_route=\/wp\/v2\/media\/555"}],"wp:attachment":[{"href":"https:\/\/andreamontiel.mx\/index.php?rest_route=%2Fwp%2Fv2%2Fmedia&parent=554"}],"wp:term":[{"taxonomy":"category","embeddable":true,"href":"https:\/\/andreamontiel.mx\/index.php?rest_route=%2Fwp%2Fv2%2Fcategories&post=554"},{"taxonomy":"post_tag","embeddable":true,"href":"https:\/\/andreamontiel.mx\/index.php?rest_route=%2Fwp%2Fv2%2Ftags&post=554"}],"curies":[{"name":"wp","href":"https:\/\/api.w.org\/{rel}","templated":true}]}}