{"id":597,"date":"2021-04-30T17:50:43","date_gmt":"2021-04-30T17:50:43","guid":{"rendered":"http:\/\/andreamontiel.mx\/?p=597"},"modified":"2021-11-11T17:56:49","modified_gmt":"2021-11-11T17:56:49","slug":"te-llamaria-viento","status":"publish","type":"post","link":"https:\/\/andreamontiel.mx\/?p=597","title":{"rendered":"Te llamar\u00eda viento"},"content":{"rendered":"\n<div class=\"wp-block-columns is-layout-flex wp-container-core-columns-layout-1 wp-block-columns-is-layout-flex\">\n<div class=\"wp-block-column is-layout-flow wp-block-column-is-layout-flow\" style=\"flex-basis:33.33%\">\n<figure class=\"wp-block-audio\"><audio controls src=\"http:\/\/andreamontiel.mx\/wp-content\/uploads\/2021\/04\/04.5.4-Te-llamaria-Viento.mp3\"><\/audio><\/figure>\n<\/div>\n\n\n\n<div class=\"wp-block-column is-layout-flow wp-block-column-is-layout-flow\" style=\"flex-basis:66.66%\">\n<pre class=\"wp-block-verse\"> XXXVIII \n &nbsp;\n Si pudiera cambiar tu nombre, \n te llamar\u00eda viento. \n &nbsp;\n As\u00ed acariciar\u00edas siempre \n los contornos de mi cuerpo. \n &nbsp;\n Ya en mi adentro, aunque me ahogaras \n te retendr\u00eda para evitar exhalarte \n y transformado en veneno \n ese respiro de ti \n ser\u00eda el descanso. <\/pre>\n\n\n\n<p class=\"has-text-align-center\">POEMA: ANDREA MONTIEL<br>M\u00daSICA Y VOZ: DELIA CAFFIERI<\/p>\n<\/div>\n<\/div>\n\n\n\n<p><\/p>\n","protected":false},"excerpt":{"rendered":"<p>XXXVIII &nbsp; Si pudiera cambiar tu nombre, te llamar\u00eda viento. &nbsp; As\u00ed acariciar\u00edas siempre los contornos de mi cuerpo. &nbsp; Ya en mi adentro, aunque me ahogaras te retendr\u00eda para evitar exhalarte y transformado en veneno ese respiro de ti ser\u00eda el descanso. POEMA: ANDREA MONTIELM\u00daSICA Y VOZ: DELIA CAFFIERI<\/p>\n","protected":false},"author":2,"featured_media":610,"comment_status":"closed","ping_status":"closed","sticky":false,"template":"","format":"standard","meta":{"footnotes":""},"categories":[29,30],"tags":[50,54,53,48,46,51,49,52,47],"aioseo_notices":[],"_links":{"self":[{"href":"https:\/\/andreamontiel.mx\/index.php?rest_route=\/wp\/v2\/posts\/597"}],"collection":[{"href":"https:\/\/andreamontiel.mx\/index.php?rest_route=\/wp\/v2\/posts"}],"about":[{"href":"https:\/\/andreamontiel.mx\/index.php?rest_route=\/wp\/v2\/types\/post"}],"author":[{"embeddable":true,"href":"https:\/\/andreamontiel.mx\/index.php?rest_route=\/wp\/v2\/users\/2"}],"replies":[{"embeddable":true,"href":"https:\/\/andreamontiel.mx\/index.php?rest_route=%2Fwp%2Fv2%2Fcomments&post=597"}],"version-history":[{"count":2,"href":"https:\/\/andreamontiel.mx\/index.php?rest_route=\/wp\/v2\/posts\/597\/revisions"}],"predecessor-version":[{"id":602,"href":"https:\/\/andreamontiel.mx\/index.php?rest_route=\/wp\/v2\/posts\/597\/revisions\/602"}],"wp:featuredmedia":[{"embeddable":true,"href":"https:\/\/andreamontiel.mx\/index.php?rest_route=\/wp\/v2\/media\/610"}],"wp:attachment":[{"href":"https:\/\/andreamontiel.mx\/index.php?rest_route=%2Fwp%2Fv2%2Fmedia&parent=597"}],"wp:term":[{"taxonomy":"category","embeddable":true,"href":"https:\/\/andreamontiel.mx\/index.php?rest_route=%2Fwp%2Fv2%2Fcategories&post=597"},{"taxonomy":"post_tag","embeddable":true,"href":"https:\/\/andreamontiel.mx\/index.php?rest_route=%2Fwp%2Fv2%2Ftags&post=597"}],"curies":[{"name":"wp","href":"https:\/\/api.w.org\/{rel}","templated":true}]}}