{"id":883,"date":"2021-05-05T16:01:41","date_gmt":"2021-05-05T16:01:41","guid":{"rendered":"http:\/\/andreamontiel.mx\/?p=883"},"modified":"2021-11-11T17:55:21","modified_gmt":"2021-11-11T17:55:21","slug":"juan-reyes-haro-andrea-montiel","status":"publish","type":"post","link":"https:\/\/andreamontiel.mx\/?p=883","title":{"rendered":"JUAN REYES HARO\/ ANDREA MONTIEL"},"content":{"rendered":"\n<hr class=\"wp-block-separator\"\/>\n\n\n\n<div class=\"wp-block-group\"><div class=\"wp-block-group__inner-container is-layout-flow wp-block-group-is-layout-flow\">\n<p class=\"has-text-align-center has-background\" style=\"background-color:#e4e1dc\"><strong>JUAN REYES HARO<\/strong>\/<strong><em>\u00f3leos<\/em><\/strong><br><strong>ANDREA MONTIEL<\/strong>\/<strong><em>Poemas&nbsp;&nbsp;&nbsp;&nbsp;&nbsp; &nbsp;&nbsp;&nbsp;<\/em><\/strong><\/p>\n\n\n\n<hr class=\"wp-block-separator\"\/>\n\n\n\n<div class=\"wp-block-columns is-layout-flex wp-container-core-columns-layout-9 wp-block-columns-is-layout-flex\">\n<div class=\"wp-block-column is-layout-flow wp-block-column-is-layout-flow\">\n<div class=\"wp-block-group has-background\" style=\"background-color:#e4e1dc\"><div class=\"wp-block-group__inner-container is-layout-flow wp-block-group-is-layout-flow\">\n<div class=\"wp-block-columns is-layout-flex wp-container-core-columns-layout-1 wp-block-columns-is-layout-flex\">\n<div class=\"wp-block-column is-layout-flow wp-block-column-is-layout-flow\" style=\"flex-basis:100%\">\n<div class=\"wp-block-image\"><figure class=\"aligncenter size-large\"><img loading=\"lazy\" decoding=\"async\" width=\"354\" height=\"480\" src=\"http:\/\/andreamontiel.mx\/wp-content\/uploads\/2021\/05\/haro1.jpg\" alt=\"\" class=\"wp-image-885\" srcset=\"https:\/\/andreamontiel.mx\/wp-content\/uploads\/2021\/05\/haro1.jpg 354w, https:\/\/andreamontiel.mx\/wp-content\/uploads\/2021\/05\/haro1-221x300.jpg 221w\" sizes=\"(max-width: 354px) 100vw, 354px\" \/><\/figure><\/div>\n<\/div>\n<\/div>\n\n\n\n<pre class=\"wp-block-verse has-text-align-left\" id=\"block-8644705f-fab6-4ad2-8b82-1746ebd26bf7\"> <strong>EL ARC\u00c1NGEL<\/strong>\n <strong>&nbsp;<\/strong>\n Mitad hombre\n mitad \u00e1ngel \n octavo ser de los nueve coros\n entre g\u00e1rgolas y esfinges.\n &nbsp;\n T\u00fa anuncias los misterios\n y ordenanzas del Dios que habita el firmamento\n con silencio cuajado de alaridos.\n &nbsp;\n Esp\u00edritu celeste y mensajero \n que en tus alas guardas los recuerdos\n de la historia:\n &nbsp;\n desciende a la tierra\n y con sutileza transfigura\n los dones de tu sabidur\u00eda.  <\/pre>\n<\/div><\/div>\n\n\n\n<hr class=\"wp-block-separator\"\/>\n\n\n\n<div class=\"wp-block-group has-background\" style=\"background-color:#e4e1dc\"><div class=\"wp-block-group__inner-container is-layout-flow wp-block-group-is-layout-flow\">\n<div class=\"wp-block-columns is-layout-flex wp-container-core-columns-layout-2 wp-block-columns-is-layout-flex\">\n<div class=\"wp-block-column is-layout-flow wp-block-column-is-layout-flow\" style=\"flex-basis:100%\">\n<div class=\"wp-block-image\"><figure class=\"aligncenter size-large is-resized\"><img loading=\"lazy\" decoding=\"async\" src=\"http:\/\/andreamontiel.mx\/wp-content\/uploads\/2021\/05\/haro2.jpg\" alt=\"\" class=\"wp-image-887\" width=\"480\" height=\"451\" srcset=\"https:\/\/andreamontiel.mx\/wp-content\/uploads\/2021\/05\/haro2.jpg 480w, https:\/\/andreamontiel.mx\/wp-content\/uploads\/2021\/05\/haro2-300x282.jpg 300w\" sizes=\"(max-width: 480px) 100vw, 480px\" \/><\/figure><\/div>\n<\/div>\n<\/div>\n\n\n\n<pre class=\"wp-block-verse has-text-align-left\" id=\"block-8644705f-fab6-4ad2-8b82-1746ebd26bf7\"><strong> <strong>EL CABALLERO<\/strong>\n &nbsp;\n <\/strong>Caballero de todas las edades\n viajero trovador que sobre tu montura\n recorres los caminos\n y con tu caracola serpent\u00edn\n llevas a cuestas la muerte y tus canciones.\n &nbsp;\n Valeroso defiendes tus ideales\n en pos de haza\u00f1as y tesoros\n de patria y territorio.\n &nbsp;\n L\u00edbranos del terror de la tristeza\n y br\u00edndanos las visiones de tu b\u00fasqueda \n hasta encontrar el alimento celestial\n ese alto manjar que fortalece los esp\u00edritus.<strong> <\/strong> <\/pre>\n<\/div><\/div>\n\n\n\n<hr class=\"wp-block-separator aligncenter\"\/>\n\n\n\n<div class=\"wp-block-group has-background\" style=\"background-color:#e4e1dc\"><div class=\"wp-block-group__inner-container is-layout-flow wp-block-group-is-layout-flow\">\n<div class=\"wp-block-columns is-layout-flex wp-container-core-columns-layout-3 wp-block-columns-is-layout-flex\">\n<div class=\"wp-block-column is-layout-flow wp-block-column-is-layout-flow\" style=\"flex-basis:100%\">\n<div class=\"wp-block-image\"><figure class=\"aligncenter size-large\"><img loading=\"lazy\" decoding=\"async\" width=\"331\" height=\"480\" src=\"http:\/\/andreamontiel.mx\/wp-content\/uploads\/2021\/05\/haro3.jpg\" alt=\"\" class=\"wp-image-888\" srcset=\"https:\/\/andreamontiel.mx\/wp-content\/uploads\/2021\/05\/haro3.jpg 331w, https:\/\/andreamontiel.mx\/wp-content\/uploads\/2021\/05\/haro3-207x300.jpg 207w\" sizes=\"(max-width: 331px) 100vw, 331px\" \/><\/figure><\/div>\n<\/div>\n<\/div>\n\n\n\n<pre class=\"wp-block-verse has-text-align-left\" id=\"block-8644705f-fab6-4ad2-8b82-1746ebd26bf7\"><strong><strong> <strong>LA INICIADA<\/strong>\n <strong>&nbsp;<\/strong>\n <\/strong><\/strong>Ni\u00f1a iniciada\n con tu rostro en mi coraz\u00f3n\n te invito a traspasar\n la cortina de luz\n que separa lo profano de todo lo sagrado.\n &nbsp;\n Has de morir en vida muchas muertes\n para llegar a ser\n en ese estar que nos transforma.\n &nbsp;\n Frente a tus padres ofrezco\n un cofre pleno de sortilegios\n y cada vez que fenezcas\n en \u00e9l encontrar\u00e1s el tiempo \n de un nuevo nacimiento.<strong><strong>\n &nbsp; <\/strong><\/strong><\/pre>\n<\/div><\/div>\n\n\n\n<hr class=\"wp-block-separator aligncenter\"\/>\n\n\n\n<div class=\"wp-block-group has-background\" style=\"background-color:#e4e1dc\"><div class=\"wp-block-group__inner-container is-layout-flow wp-block-group-is-layout-flow\">\n<div class=\"wp-block-columns is-layout-flex wp-container-core-columns-layout-4 wp-block-columns-is-layout-flex\">\n<div class=\"wp-block-column is-layout-flow wp-block-column-is-layout-flow\" style=\"flex-basis:100%\">\n<div class=\"wp-block-image\"><figure class=\"aligncenter size-large\"><img loading=\"lazy\" decoding=\"async\" width=\"480\" height=\"344\" src=\"http:\/\/andreamontiel.mx\/wp-content\/uploads\/2021\/05\/haro4.jpg\" alt=\"\" class=\"wp-image-889\" srcset=\"https:\/\/andreamontiel.mx\/wp-content\/uploads\/2021\/05\/haro4.jpg 480w, https:\/\/andreamontiel.mx\/wp-content\/uploads\/2021\/05\/haro4-300x215.jpg 300w\" sizes=\"(max-width: 480px) 100vw, 480px\" \/><\/figure><\/div>\n<\/div>\n<\/div>\n\n\n\n<pre class=\"wp-block-verse has-text-align-left\" id=\"block-8644705f-fab6-4ad2-8b82-1746ebd26bf7\"><strong><strong> <strong>NINFAS CON UNICORNIO<\/strong>\n <strong>&nbsp;<\/strong>\n <\/strong><\/strong>Divinidades mitol\u00f3gicas de las aguas claras\n de los bosques&nbsp; grutas y cavernas.\n Doncellas que engendran y cr\u00edan h\u00e9roes\n bajo las sombras de los \u00e1rboles\n y la magia de dar a luz las nuevas vidas.\n &nbsp;\n Hermanas de la ninfa habitante del encierro\n que entre los seres p\u00e9treos y los monstruos\n oculta sus angustias.\n &nbsp;\n Aguarden la fecundaci\u00f3n\n del unicornio \n y con la voz del cielo\n disfruten su pre\u00f1ez inmaculada.<\/pre>\n<\/div><\/div>\n\n\n\n<hr class=\"wp-block-separator aligncenter\"\/>\n\n\n\n<div class=\"wp-block-group has-background\" style=\"background-color:#e4e1dc\"><div class=\"wp-block-group__inner-container is-layout-flow wp-block-group-is-layout-flow\">\n<div class=\"wp-block-columns is-layout-flex wp-container-core-columns-layout-5 wp-block-columns-is-layout-flex\">\n<div class=\"wp-block-column is-layout-flow wp-block-column-is-layout-flow\" style=\"flex-basis:100%\">\n<div class=\"wp-block-image\"><figure class=\"aligncenter size-large\"><img loading=\"lazy\" decoding=\"async\" width=\"429\" height=\"480\" src=\"http:\/\/andreamontiel.mx\/wp-content\/uploads\/2021\/05\/haro5.jpg\" alt=\"\" class=\"wp-image-890\" srcset=\"https:\/\/andreamontiel.mx\/wp-content\/uploads\/2021\/05\/haro5.jpg 429w, https:\/\/andreamontiel.mx\/wp-content\/uploads\/2021\/05\/haro5-268x300.jpg 268w\" sizes=\"(max-width: 429px) 100vw, 429px\" \/><\/figure><\/div>\n<\/div>\n<\/div>\n\n\n\n<pre class=\"wp-block-verse has-text-align-left\" id=\"block-8644705f-fab6-4ad2-8b82-1746ebd26bf7\"><strong><strong> <strong> <strong>TEJIENDO UN DESTINO<\/strong> <\/strong>\n <\/strong><\/strong>\n Zahor\u00ed que tejes el Destino\n ciega deidad inexorable\n nacida de las sombras de la noche \n y del caos.\n &nbsp;\n A ti se someten el Cielo\n la Tierra\n el Mar\n y los Infiernos.\n &nbsp;\n Por ti Destino\n fatalidad y virtud implacable\n acontecen las cosas \n y los decretos se escriben.\n &nbsp;\n A ti invocamos&nbsp; \n con tu equipaje de recuerdos\n para designar el rumbo \n los pasos de la doncella\n entre la eternidad del viento.<\/pre>\n<\/div><\/div>\n\n\n\n<hr class=\"wp-block-separator aligncenter\"\/>\n\n\n\n<div class=\"wp-block-group has-background\" style=\"background-color:#e4e1dc\"><div class=\"wp-block-group__inner-container is-layout-flow wp-block-group-is-layout-flow\">\n<div class=\"wp-block-columns is-layout-flex wp-container-core-columns-layout-6 wp-block-columns-is-layout-flex\">\n<div class=\"wp-block-column is-layout-flow wp-block-column-is-layout-flow\" style=\"flex-basis:100%\">\n<div class=\"wp-block-image\"><figure class=\"aligncenter size-large\"><img loading=\"lazy\" decoding=\"async\" width=\"1024\" height=\"686\" src=\"http:\/\/andreamontiel.mx\/wp-content\/uploads\/2021\/05\/haro6-1024x686.jpg\" alt=\"\" class=\"wp-image-891\" srcset=\"https:\/\/andreamontiel.mx\/wp-content\/uploads\/2021\/05\/haro6-1024x686.jpg 1024w, https:\/\/andreamontiel.mx\/wp-content\/uploads\/2021\/05\/haro6-300x201.jpg 300w, https:\/\/andreamontiel.mx\/wp-content\/uploads\/2021\/05\/haro6-768x515.jpg 768w, https:\/\/andreamontiel.mx\/wp-content\/uploads\/2021\/05\/haro6-600x402.jpg 600w, https:\/\/andreamontiel.mx\/wp-content\/uploads\/2021\/05\/haro6.jpg 1028w\" sizes=\"(max-width: 1024px) 100vw, 1024px\" \/><\/figure><\/div>\n<\/div>\n<\/div>\n\n\n\n<pre class=\"wp-block-verse has-text-align-left\" id=\"block-8644705f-fab6-4ad2-8b82-1746ebd26bf7\"><strong><strong><strong> <strong>N<strong>INFA FAUNOS Y CABALLOS<\/strong>\n <strong>&nbsp;<\/strong>\n <\/strong><\/strong><\/strong><\/strong>Maga que te nutres del valle\n de las piedras tatuadas de recuerdos\n y la edad de los siglos que han visto transcurrir\n acantilados y monta\u00f1as.\n &nbsp;\n Los faunos\n divinidad antigua\n que aspiran al sue\u00f1o ideal de la belleza\n te acompa\u00f1an\n y los caballos crin al viento\n con su vigor sobre la tierra\n har\u00e1n de ti una agorera m\u00e1s\n que con amor\n enfrenta al mundo. <\/pre>\n<\/div><\/div>\n\n\n\n<hr class=\"wp-block-separator aligncenter\"\/>\n\n\n\n<div class=\"wp-block-group has-background\" style=\"background-color:#e4e1dc\"><div class=\"wp-block-group__inner-container is-layout-flow wp-block-group-is-layout-flow\">\n<div class=\"wp-block-columns is-layout-flex wp-container-core-columns-layout-7 wp-block-columns-is-layout-flex\">\n<div class=\"wp-block-column is-layout-flow wp-block-column-is-layout-flow\" style=\"flex-basis:100%\"><\/div>\n<\/div>\n\n\n\n<pre class=\"wp-block-verse has-text-align-left\" id=\"block-8644705f-fab6-4ad2-8b82-1746ebd26bf7\"><strong><strong><strong><strong><strong>\n <strong>LOS ESTANDARTES<\/strong>\n <strong>&nbsp;<\/strong>\n <\/strong><\/strong><\/strong><\/strong><\/strong>Sobre la misma ra\u00edz que ofrece la existencia\n nacen congregaciones distintas\n cada cual con sus insignias\n cada cual con sus pendones y estandartes.\n &nbsp;\n Herederos del cielo y de la tierra\n cada quien es un planeta\n un libro de secretos\n un astro resonante.\n &nbsp;\n Cada quien es mundo sobre mundo\n c\u00famulo de s\u00edlabas\n tr\u00e1nsito aguerrido\n y paz sin huella.\n &nbsp;\n Cada quien historia sobre historia\n letras p\u00e9talos de sangre\n esquiva soledad\n cuna de luces que a\u00f1oramos.   <\/pre>\n<\/div><\/div>\n\n\n\n<hr class=\"wp-block-separator aligncenter\"\/>\n\n\n\n<div class=\"wp-block-group has-background\" style=\"background-color:#e4e1dc\"><div class=\"wp-block-group__inner-container is-layout-flow wp-block-group-is-layout-flow\">\n<div class=\"wp-block-columns is-layout-flex wp-container-core-columns-layout-8 wp-block-columns-is-layout-flex\">\n<div class=\"wp-block-column is-layout-flow wp-block-column-is-layout-flow\" style=\"flex-basis:100%\">\n<div class=\"wp-block-image\"><figure class=\"aligncenter size-large\"><img loading=\"lazy\" decoding=\"async\" width=\"798\" height=\"738\" src=\"http:\/\/andreamontiel.mx\/wp-content\/uploads\/2021\/05\/haro8.jpg\" alt=\"\" class=\"wp-image-893\" srcset=\"https:\/\/andreamontiel.mx\/wp-content\/uploads\/2021\/05\/haro8.jpg 798w, https:\/\/andreamontiel.mx\/wp-content\/uploads\/2021\/05\/haro8-300x277.jpg 300w, https:\/\/andreamontiel.mx\/wp-content\/uploads\/2021\/05\/haro8-768x710.jpg 768w, https:\/\/andreamontiel.mx\/wp-content\/uploads\/2021\/05\/haro8-600x555.jpg 600w\" sizes=\"(max-width: 798px) 100vw, 798px\" \/><\/figure><\/div>\n<\/div>\n<\/div>\n\n\n\n<pre class=\"wp-block-verse has-text-align-left\" id=\"block-8644705f-fab6-4ad2-8b82-1746ebd26bf7\"><strong><strong><strong><strong><strong> <strong>\n <strong>LOS EMISARIOS<\/strong>\n <strong>&nbsp;<\/strong>\n <\/strong><\/strong><\/strong><\/strong><\/strong><\/strong>Nigromante que habitas grutas encantadas\n y te acompa\u00f1as con un mancebo herido\n por las dudas.\n &nbsp;\n Han llegado hasta ti los emisarios\n para entregarte una rama de manzano\n y el fruto de la inmortalidad nutricia.\n &nbsp;\n Te pedimos hurgues \n en las profundidades de tu alma\n hasta encontrar lo que deseas.\n &nbsp;\n Piensa en los ayeres grabados en los riscos \n vive la magia del presente\n y despu\u00e9s \n cuando esto hagas\n dise\u00f1a d\u00eda a d\u00eda la palabra futuro.    <\/pre>\n<\/div><\/div>\n\n\n\n<hr class=\"wp-block-separator aligncenter\"\/>\n<\/div>\n<\/div>\n<\/div><\/div>\n","protected":false},"excerpt":{"rendered":"<p>JUAN REYES HARO\/\u00f3leosANDREA MONTIEL\/Poemas&nbsp;&nbsp;&nbsp;&nbsp;&nbsp; &nbsp;&nbsp;&nbsp; EL ARC\u00c1NGEL &nbsp; Mitad hombre mitad \u00e1ngel octavo ser de los nueve coros entre g\u00e1rgolas y esfinges. &nbsp; T\u00fa anuncias los misterios y ordenanzas del Dios que habita el firmamento con silencio cuajado de alaridos. &nbsp; Esp\u00edritu celeste y mensajero que en tus alas guardas los recuerdos de la historia: [&hellip;]<\/p>\n","protected":false},"author":2,"featured_media":887,"comment_status":"closed","ping_status":"closed","sticky":false,"template":"","format":"standard","meta":{"footnotes":""},"categories":[29,33],"tags":[50,54,53,48,46,51,49,52,47],"aioseo_notices":[],"_links":{"self":[{"href":"https:\/\/andreamontiel.mx\/index.php?rest_route=\/wp\/v2\/posts\/883"}],"collection":[{"href":"https:\/\/andreamontiel.mx\/index.php?rest_route=\/wp\/v2\/posts"}],"about":[{"href":"https:\/\/andreamontiel.mx\/index.php?rest_route=\/wp\/v2\/types\/post"}],"author":[{"embeddable":true,"href":"https:\/\/andreamontiel.mx\/index.php?rest_route=\/wp\/v2\/users\/2"}],"replies":[{"embeddable":true,"href":"https:\/\/andreamontiel.mx\/index.php?rest_route=%2Fwp%2Fv2%2Fcomments&post=883"}],"version-history":[{"count":5,"href":"https:\/\/andreamontiel.mx\/index.php?rest_route=\/wp\/v2\/posts\/883\/revisions"}],"predecessor-version":[{"id":2231,"href":"https:\/\/andreamontiel.mx\/index.php?rest_route=\/wp\/v2\/posts\/883\/revisions\/2231"}],"wp:featuredmedia":[{"embeddable":true,"href":"https:\/\/andreamontiel.mx\/index.php?rest_route=\/wp\/v2\/media\/887"}],"wp:attachment":[{"href":"https:\/\/andreamontiel.mx\/index.php?rest_route=%2Fwp%2Fv2%2Fmedia&parent=883"}],"wp:term":[{"taxonomy":"category","embeddable":true,"href":"https:\/\/andreamontiel.mx\/index.php?rest_route=%2Fwp%2Fv2%2Fcategories&post=883"},{"taxonomy":"post_tag","embeddable":true,"href":"https:\/\/andreamontiel.mx\/index.php?rest_route=%2Fwp%2Fv2%2Ftags&post=883"}],"curies":[{"name":"wp","href":"https:\/\/api.w.org\/{rel}","templated":true}]}}